{"id":476,"date":"2026-09-01T17:06:08","date_gmt":"2026-09-01T14:06:08","guid":{"rendered":"https:\/\/otodergi.com\/index.php\/2026\/09\/01\/bmw-ve-mini-prime-deneyimi-genisliyor\/"},"modified":"2026-09-01T17:06:08","modified_gmt":"2026-09-01T14:06:08","slug":"bmw-ve-mini-prime-deneyimi-genisliyor","status":"publish","type":"post","link":"https:\/\/otodergi.com\/index.php\/2026\/09\/01\/bmw-ve-mini-prime-deneyimi-genisliyor\/","title":{"rendered":"BMW ve MINI Prime Deneyimi Geni\u015fliyor"},"content":{"rendered":"<div style=\"text-align:center\"><img decoding=\"async\" src=\"https:\/\/otomobilgazetesi.com\/files\/uploads\/news\/default\/1788282606-354ed.jpg\" class=\"wp-post-image\" alt=\"BMW ve MINI Prime Deneyimi Geni\u015fliyor\" title=\"BMW ve MINI Prime Deneyimi Geni\u015fliyor\" loading=\"lazy\"><\/div><p align=\"center\">BMW ve MINI, otomobil sahipli\u011fini daha konforlu ve zahmetsiz hale getiren BMW Prime ve MINI Prime abonelik ekosistemleriyle servis, elektrikli mobilite ve g\u00fcnl\u00fck ya\u015fam ihtiya\u00e7lar\u0131n\u0131 tek abonelik alt\u0131nda bulu\u015fturuyor.<\/p>\n<p>\u00a0<\/p>\n<p>Prime, Prime Plus ve Prime Premium olarak tan\u0131mlanan 3 farkl\u0131 abonelik paketinde standart olarak y\u00fczde 25\u2019e varan yetkili servis indirimi, silecek lastiklerinin de\u011fi\u015fimi, periyodik ara\u00e7 kontrol\u00fc, motor ya\u011f\u0131 ve s\u0131v\u0131lar\u0131n\u0131n tamamlanmas\u0131 gibi temel sahiplik hizmetleri sunulurken; temel Prime paketi hizmetlerine ek olarak \u00fcst paketlerde ara\u00e7 y\u0131kama, otopark, akaryak\u0131t\/\u015farj indirimi, vale park, havaliman\u0131 lounge gibi hizmetler de yer al\u0131yor.<\/p>\n<p>\u00a0<\/p>\n<p>M\u00fc\u015fterilerin de\u011fi\u015fen mobilite ve seyahat ihtiya\u00e7lar\u0131na yan\u0131t verecek \u015fekilde s\u00fcrekli zenginle\u015ftirilen, 3 farkl\u0131 paket kapsam\u0131nda g\u00fcnl\u00fck ihtiya\u00e7lardan seyahat deneyimine uzanan hizmetleri bir araya getiren BMW Prime ve MINI Prime abonelik programlar\u0131n\u0131n kapsama alan\u0131 y\u0131ll\u0131k abonelik se\u00e7ene\u011fi, \u0130GA Pass Daily Domestic paketi ve 5 \u015earj i\u015f birli\u011finde art\u0131r\u0131lan indirim oran\u0131 ile daha da geni\u015fledi.\u00a0<\/p>\n<p>\u00a0<\/p>\n<p><b>BMW Prime ve MINI Prime\u2019da Y\u0131ll\u0131k Abonelik F\u0131rsat\u0131<\/b><\/p>\n<p>Sunulan y\u0131ll\u0131k abonelik se\u00e7ene\u011fiyle BMW Prime ve MINI Prime aboneleri, tercih ettikleri paketin sundu\u011fu hizmet ve ayr\u0131cal\u0131klardan 10 ayl\u0131k abonelik bedeli kar\u015f\u0131l\u0131\u011f\u0131nda 12 ay boyunca yararlanabiliyorlar. Tek seferlik \u00f6deme modeli; kesintisiz hizmet eri\u015fiminin yan\u0131 s\u0131ra abonelik s\u00fcresince olu\u015fabilecek olas\u0131 fiyat de\u011fi\u015fikliklerine kar\u015f\u0131 y\u0131ll\u0131k maliyet \u00f6ng\u00f6r\u00fclebilirli\u011fi sa\u011fl\u0131yor.<\/p>\n<p>\u00a0<\/p>\n<p><b>Prime Konforu Seyahate Ta\u015f\u0131n\u0131yor<\/b><\/p>\n<p>Prime Premium paketine eklenen \u0130GA Pass Daily Domestic paketi hizmetleriyle Prime deneyimi seyahat s\u00fcre\u00e7lerine de uzan\u0131yor. Kesintisiz olarak bir y\u0131l veya daha uzun s\u00fcredir Prime Premium abonesi olan m\u00fc\u015fteriler, \u0130stanbul Havaliman\u0131\u2019nda d\u00f6rt g\u00fcnl\u00fck Vale ve Otopark hizmetinden \u00fccretsiz yararlanabiliyor. Ayr\u0131ca i\u00e7 hat yolculuklar\u0131nda H\u0131zl\u0131 Ge\u00e7i\u015f, \u00d6ncelikli Check-in, \u0130\u00e7 Hat Lounge ve \u0130\u00e7 Hat Buggy hizmetlerinden faydalanabiliyor. B\u00f6ylece Prime, \u0130GA \u0130stanbul Havaliman\u0131&#8217;nda yolcu deneyimini bir \u00fcst seviyeye ta\u015f\u0131yan \u00f6zel yolcu program\u0131 \u0130GA Pass sayesinde seyahatleri daha h\u0131zl\u0131, konforlu ve ayr\u0131cal\u0131kl\u0131 hale getiriyor.<\/p>\n<p>\u00a0<\/p>\n<p><b>Elektrikli BMW ve MINI Kullan\u0131c\u0131lar\u0131na 5 \u015earj\u2019da Art\u0131r\u0131lan \u0130ndirim F\u0131rsat\u0131<\/b><\/p>\n<p>Yenilikler kapsam\u0131nda Prime Plus ve Prime Premium abonelerine 5 \u015earj istasyonlar\u0131nda sunulan \u015farj indirimi y\u00fczde 10\u2019dan y\u00fczde 20\u2019ye y\u00fckseltildi. Elektrikli BMW ve MINI kullan\u0131c\u0131lar\u0131 abonelikleri kapsam\u0131nda 5 \u015earj istasyonlar\u0131nda ger\u00e7ekle\u015ftirdikleri \u015farj i\u015flemlerinde yeni indirim oran\u0131ndan yararlanabiliyor. Bu geli\u015fmeyle Prime, elektrikli otomobil kullan\u0131m\u0131n\u0131n g\u00fcnl\u00fck ihtiya\u00e7lar\u0131na da e\u015flik ediyor ve de\u011fi\u015fen mobilite al\u0131\u015fkanl\u0131klar\u0131na uyum sa\u011flayan yap\u0131s\u0131n\u0131 g\u00fc\u00e7lendiriyor.<\/p>\n<p>\u00a0<\/p>\n<p>BMW Prime paketleri ve hizmet kapsamlar\u0131 hakk\u0131nda ayr\u0131nt\u0131l\u0131 bilgiye BMW T\u00fcrkiye mobil uygulamas\u0131ndan ve\u00a0<a data-link-id=\"462\" href=\"https:\/\/bmwnibul.bmw.com.tr\/prime\" rel=\"noopener noreferrer\" target=\"_blank\">BMW Prime internet sayfas\u0131<\/a>ndan; MINI Prime\u2019a ili\u015fkin t\u00fcm bilgilere ise MINI T\u00fcrkiye mobil uygulamas\u0131ndan ve\u00a0<a data-link-id=\"463\" href=\"https:\/\/onlinestore.mini.com.tr\/prime\" rel=\"noopener noreferrer\" target=\"_blank\">MINI Prime internet sayfas\u0131<\/a>ndan ula\u015f\u0131labiliyor.<\/p>\n<p>\u00a0<\/p>\n<p>\u00a0<\/p>\n","protected":false},"excerpt":{"rendered":"<div class=\"mh-excerpt\"><p>Borusan Otomotiv\u2019in distrib\u00fct\u00f6r\u00fc oldu\u011fu BMW ve MINI markalar\u0131, m\u00fc\u015fterilerine sundu\u011fu BMW Prime ve MINI Prime abonelik ekosistemini yeni hizmet ve i\u015f birlikleriyle geli\u015ftirmeye devam ediyor.<\/p>\n<\/div>","protected":false},"author":1,"featured_media":-999,"comment_status":"open","ping_status":"open","sticky":false,"template":"","format":"standard","meta":{"fifu_image_url":"","fifu_image_alt":"","footnotes":""},"categories":[3],"tags":[],"class_list":["post-476","post","type-post","status-publish","format-standard","has-post-thumbnail","hentry","category-genel"],"_links":{"self":[{"href":"https:\/\/otodergi.com\/index.php\/wp-json\/wp\/v2\/posts\/476","targetHints":{"allow":["GET"]}}],"collection":[{"href":"https:\/\/otodergi.com\/index.php\/wp-json\/wp\/v2\/posts"}],"about":[{"href":"https:\/\/otodergi.com\/index.php\/wp-json\/wp\/v2\/types\/post"}],"author":[{"embeddable":true,"href":"https:\/\/otodergi.com\/index.php\/wp-json\/wp\/v2\/users\/1"}],"replies":[{"embeddable":true,"href":"https:\/\/otodergi.com\/index.php\/wp-json\/wp\/v2\/comments?post=476"}],"version-history":[{"count":0,"href":"https:\/\/otodergi.com\/index.php\/wp-json\/wp\/v2\/posts\/476\/revisions"}],"wp:attachment":[{"href":"https:\/\/otodergi.com\/index.php\/wp-json\/wp\/v2\/media?parent=476"}],"wp:term":[{"taxonomy":"category","embeddable":true,"href":"https:\/\/otodergi.com\/index.php\/wp-json\/wp\/v2\/categories?post=476"},{"taxonomy":"post_tag","embeddable":true,"href":"https:\/\/otodergi.com\/index.php\/wp-json\/wp\/v2\/tags?post=476"}],"curies":[{"name":"wp","href":"https:\/\/api.w.org\/{rel}","templated":true}]}}