{"id":474,"date":"2026-08-30T19:49:29","date_gmt":"2026-08-30T16:49:29","guid":{"rendered":"https:\/\/otodergi.com\/index.php\/2026\/08\/30\/agustosta-75-bin-adet-surpriz-olmaz\/"},"modified":"2026-08-30T19:49:29","modified_gmt":"2026-08-30T16:49:29","slug":"agustosta-75-bin-adet-surpriz-olmaz","status":"publish","type":"post","link":"https:\/\/otodergi.com\/index.php\/2026\/08\/30\/agustosta-75-bin-adet-surpriz-olmaz\/","title":{"rendered":"A\u011fustos\u2019ta 75 Bin Adet S\u00fcrpriz Olmaz"},"content":{"rendered":"<div style=\"text-align:center\"><img decoding=\"async\" src=\"https:\/\/otomobilgazetesi.com\/files\/uploads\/news\/default\/1788119502-0b5d3.jpg\" class=\"wp-post-image\" alt=\"A\u011fustos\u2019ta 75 Bin Adet S\u00fcrpriz Olmaz\" title=\"A\u011fustos\u2019ta 75 Bin Adet S\u00fcrpriz Olmaz\" loading=\"lazy\"><\/div><p style=\"margin:0cm\"><span style=\"font-family:Aptos, sans-serif\"><span style=\"font-family:&quot;Times New Roman&quot;, serif\">Otomotiv pazar\u0131 y\u0131l\u0131n ikinci yar\u0131s\u0131na belirgin bir frenle girdi. 2026 y\u0131l\u0131n\u0131n Ocak-Temmuz d\u00f6neminde otomobil ve hafif ticari ara\u00e7 sat\u0131\u015flar\u0131 <b>638 bin 965 adet<\/b> olarak ger\u00e7ekle\u015fti. Ge\u00e7en y\u0131l\u0131n ayn\u0131 d\u00f6nemine g\u00f6re pazar <b>y\u00fczde 10,7 darald\u0131<\/b>. Otomobil sat\u0131\u015flar\u0131ndaki gerileme ise y\u00fczde 12,1\u2019e ula\u015ft\u0131. As\u0131l dikkat \u00e7ekici sinyal Temmuz ay\u0131nda geldi. Ge\u00e7en y\u0131l Temmuz ay\u0131nda 107 bin 718 adet olan toplam pazar, bu y\u0131l <b>80 bin 786 adede<\/b> geriledi. Yani yaln\u0131zca bir ayda yakla\u015f\u0131k <b>y\u00fczde 25\u2019lik bir daralma<\/b> s\u00f6z konusu.<\/span><\/span><\/p>\n<p style=\"margin:0cm\"><span style=\"font-family:Aptos, sans-serif\"><span style=\"font-family:&quot;Times New Roman&quot;, serif\">\u015eimdi g\u00f6zler A\u011fustos rakamlar\u0131nda.<\/span><\/span><\/p>\n<p style=\"margin:0cm\"><span style=\"font-family:Aptos, sans-serif\"><span style=\"font-family:&quot;Times New Roman&quot;, serif\">Ben A\u011fustos ay\u0131nda otomobil ve hafif ticari ara\u00e7 toplam pazar\u0131n\u0131n <b>75 bin adet civar\u0131nda ger\u00e7ekle\u015fmesini<\/b> bekliyorum. B\u00f6yle bir sonu\u00e7, ge\u00e7en y\u0131l A\u011fustos ay\u0131nda ger\u00e7ekle\u015fen 101 bin 650 adetlik sat\u0131\u015fa g\u00f6re yakla\u015f\u0131k <b>y\u00fczde 26\u2019l\u0131k bir gerileme<\/b>anlam\u0131na gelecek. E\u011fer tahmin ger\u00e7ekle\u015firse, Ocak-A\u011fustos toplam pazar\u0131 yakla\u015f\u0131k <b>714 bin adet<\/b> seviyesinde kalacak.<\/span><\/span><\/p>\n<p style=\"margin:0cm\"><span style=\"font-family:Aptos, sans-serif\"><span style=\"font-family:&quot;Times New Roman&quot;, serif\">Peki otomobil talebi neden bu kadar h\u0131zl\u0131 yava\u015fl\u0131yor?<\/span><\/span><\/p>\n<p style=\"margin:0cm\"><span style=\"font-family:Aptos, sans-serif\"><span style=\"font-family:&quot;Times New Roman&quot;, serif\">Y\u00fcksek faiz ortam\u0131, otomobil i\u00e7in ayr\u0131lan paran\u0131n mevduat ve di\u011fer yat\u0131r\u0131m ara\u00e7lar\u0131nda de\u011ferlendirilmesini daha cazip hale getiriyor. Buna kredi maliyetleri ve t\u00fcketicinin fiyatlar\u0131n seyri konusunda beklemeye ge\u00e7mesi de eklenince sat\u0131n alma kararlar\u0131 erteleniyor. Temmuzdaki y\u00fczde 25\u2019lik d\u00fc\u015f\u00fc\u015f\u00fcn ard\u0131ndan A\u011fustos ay\u0131nda 75 bin adetlik bir pazar art\u0131k s\u00fcrpriz olmayacakt\u0131r. <b>Otomotiv pazar\u0131 sonbaharda yeniden h\u0131zlanacak m\u0131, yoksa 2026\u2019n\u0131n ikinci yar\u0131s\u0131n\u0131 frene basarak m\u0131 tamamlayacak? <\/b><\/span><\/span><\/p>\n<p style=\"margin:0cm\"><span style=\"font-family:Aptos, sans-serif\"><b><span style=\"font-family:&quot;Times New Roman&quot;, serif\">\u015eu bir ger\u00e7ek ki; \u00f6n\u00fcm\u00fczdeki 4 ay rekabet a\u00e7\u0131s\u0131ndan \u00e7ok sert ve hareketli ge\u00e7ecek!.. <\/span><\/b><\/span><\/p>\n<p style=\"margin:0cm\">\u00a0<\/p>\n","protected":false},"excerpt":{"rendered":"<div class=\"mh-excerpt\"><p>Otomobil Gazetesi edit\u00f6r\u00fc Ahmet \u00c7elik&#8217;in bu haftaki yaz\u0131s\u0131<\/p>\n<\/div>","protected":false},"author":1,"featured_media":-999,"comment_status":"open","ping_status":"open","sticky":false,"template":"","format":"standard","meta":{"fifu_image_url":"","fifu_image_alt":"","footnotes":""},"categories":[2],"tags":[],"class_list":["post-474","post","type-post","status-publish","format-standard","has-post-thumbnail","hentry","category-haberler"],"_links":{"self":[{"href":"https:\/\/otodergi.com\/index.php\/wp-json\/wp\/v2\/posts\/474","targetHints":{"allow":["GET"]}}],"collection":[{"href":"https:\/\/otodergi.com\/index.php\/wp-json\/wp\/v2\/posts"}],"about":[{"href":"https:\/\/otodergi.com\/index.php\/wp-json\/wp\/v2\/types\/post"}],"author":[{"embeddable":true,"href":"https:\/\/otodergi.com\/index.php\/wp-json\/wp\/v2\/users\/1"}],"replies":[{"embeddable":true,"href":"https:\/\/otodergi.com\/index.php\/wp-json\/wp\/v2\/comments?post=474"}],"version-history":[{"count":0,"href":"https:\/\/otodergi.com\/index.php\/wp-json\/wp\/v2\/posts\/474\/revisions"}],"wp:attachment":[{"href":"https:\/\/otodergi.com\/index.php\/wp-json\/wp\/v2\/media?parent=474"}],"wp:term":[{"taxonomy":"category","embeddable":true,"href":"https:\/\/otodergi.com\/index.php\/wp-json\/wp\/v2\/categories?post=474"},{"taxonomy":"post_tag","embeddable":true,"href":"https:\/\/otodergi.com\/index.php\/wp-json\/wp\/v2\/tags?post=474"}],"curies":[{"name":"wp","href":"https:\/\/api.w.org\/{rel}","templated":true}]}}