{"id":473,"date":"2026-08-30T19:51:44","date_gmt":"2026-08-30T16:51:44","guid":{"rendered":"https:\/\/otodergi.com\/index.php\/2026\/08\/30\/cherynin-turkiyedeki-yolculugunun-kilometre-taslari\/"},"modified":"2026-08-30T19:51:44","modified_gmt":"2026-08-30T16:51:44","slug":"cherynin-turkiyedeki-yolculugunun-kilometre-taslari","status":"publish","type":"post","link":"https:\/\/otodergi.com\/index.php\/2026\/08\/30\/cherynin-turkiyedeki-yolculugunun-kilometre-taslari\/","title":{"rendered":"Chery\u2019nin T\u00fcrkiye\u2019deki yolculu\u011funun kilometre ta\u015flar\u0131!.."},"content":{"rendered":"<div style=\"text-align:center\"><img decoding=\"async\" src=\"https:\/\/otomobilgazetesi.com\/files\/uploads\/news\/default\/1788119855-2304e.jpeg\" class=\"wp-post-image\" alt=\"Chery\u2019nin T\u00fcrkiye\u2019deki yolculu\u011funun kilometre ta\u015flar\u0131!..\" title=\"Chery\u2019nin T\u00fcrkiye\u2019deki yolculu\u011funun kilometre ta\u015flar\u0131!..\" loading=\"lazy\"><\/div><p style=\"margin:0cm\">\n\u00a0<\/p>\n<p style=\"margin:0cm\"><span style=\"font-family:Aptos, sans-serif\"><span style=\"font-family:&quot;Times New Roman&quot;, serif\">T\u00fcrkiye otomotiv pazar\u0131 son \u00fc\u00e7 y\u0131lda yaln\u0131zca sat\u0131\u015f rekorlar\u0131na de\u011fil, markalar aras\u0131ndaki g\u00fc\u00e7 dengelerinin de\u011fi\u015fmesine de sahne oldu. Bu de\u011fi\u015fimin en dikkat \u00e7ekici akt\u00f6rlerinden biri ise hi\u00e7 ku\u015fkusuz Chery Otomobil Grubu oldu&#8230; Chery, 21 Mart 2023\u2019te TIGGO 7 Pro, TIGGO 8 Pro ve OMODA 5 modelleriyle T\u00fcrkiye pazar\u0131na yeniden giri\u015f yapt\u0131. \u00c7inli \u00fcretici, t\u00fcketicinin SUV modellere y\u00f6neldi\u011fi bir d\u00f6nemde; y\u00fcksek donan\u0131m, geni\u015f i\u00e7 hacim ve rekabet\u00e7i fiyat politikas\u0131n\u0131 ayn\u0131 pakette sunarak k\u0131sa s\u00fcrede g\u00fc\u00e7l\u00fc bir sat\u0131\u015f ivmesi yakalad\u0131. Chery ba\u015fta olmak \u00fczere \u00c7inli markalar\u0131n h\u0131zl\u0131 b\u00fcy\u00fcmesi, T\u00fcrkiye\u2019de \u00fcretim yapan yerli ve yabanc\u0131 markalar \u00fczerindeki rekabet bask\u0131s\u0131n\u0131 art\u0131rd\u0131. Yerli \u00fcretimi ve otomotiv yat\u0131r\u0131mlar\u0131n\u0131 koruma gerek\u00e7esiyle \u00c7in\u2019den ithal edilen otomobillere ilave g\u00fcmr\u00fck vergileri getirildi. Bu d\u00fczenleme, \u00c7inli markalar\u0131n fiyat avantaj\u0131n\u0131 azalt\u0131rken Chery gibi \u00fcreticilerin T\u00fcrkiye\u2019de yat\u0131r\u0131m yapmas\u0131 y\u00f6n\u00fcndeki beklentileri de g\u00fc\u00e7lendirdi. Marka, daha ilk y\u0131l\u0131nda 40 bin 590 adetlik sat\u0131\u015fa ula\u015farak T\u00fcrkiye\u2019de faaliyet g\u00f6steren \u00c7inli otomobil markalar\u0131 aras\u0131nda a\u00e7\u0131k ara lider oldu. Ayn\u0131 y\u0131l MG 14 bin 458, Skywell 2 bin 541 ve pazara y\u0131l\u0131n son b\u00f6l\u00fcm\u00fcnde giren BYD ise 839 adetlik sat\u0131\u015f ger\u00e7ekle\u015ftirmi\u015fti. Chery\u2019nin ilk y\u0131l\u0131nda ula\u015ft\u0131\u011f\u0131 bu rakam, T\u00fcrkiye\u2019de uzun s\u00fcredir faaliyet g\u00f6steren baz\u0131 Avrupal\u0131 ve Japon markalar\u0131n y\u0131ll\u0131k sat\u0131\u015flar\u0131n\u0131n \u00fczerine \u00e7\u0131kmas\u0131 bak\u0131m\u0131ndan da dikkat \u00e7ekiciydi.<\/span><\/span><\/p>\n<p style=\"margin:0cm\"><span style=\"font-family:Aptos, sans-serif\"><b><span style=\"font-size:18pt\"><span style=\"font-family:&quot;Times New Roman&quot;, serif\">2024\u2019te T\u00fcrkiye\u2019nin en \u00e7ok satan be\u015finci otomobil markas\u0131 oldu<\/span><\/span><\/b><\/span><\/p>\n<p style=\"margin:0cm\"><span style=\"font-family:Aptos, sans-serif\"><span style=\"font-family:&quot;Times New Roman&quot;, serif\">Chery\u2019nin y\u00fckseli\u015fi 2024 y\u0131l\u0131nda da devam etti. Marka, 57 bin 47 adetlik otomobil sat\u0131\u015f\u0131yla Renault, Fiat, Volkswagen ve Hyundai\u2019nin ard\u0131ndan T\u00fcrkiye\u2019nin en \u00e7ok satan be\u015finci otomobil markas\u0131 konumuna y\u00fckseldi. Ayn\u0131 d\u00f6nemde Renault 117 bin 919, Fiat 87 bin 126, Volkswagen 74 bin 533 ve Hyundai 58 bin 499 otomobil satt\u0131. Chery\u2019nin 57 bin 47 adetlik performans\u0131, markay\u0131 Hyundai\u2019nin hemen arkas\u0131na yerle\u015ftirirken Peugeot, Opel, Citro\u00ebn, Toyota, Skoda ve Ford gibi T\u00fcrkiye\u2019de onlarca y\u0131ld\u0131r faaliyet g\u00f6steren bir\u00e7ok markan\u0131n \u00f6n\u00fcne ta\u015f\u0131d\u0131. Bu sonu\u00e7, Chery\u2019nin T\u00fcrkiye\u2019de ge\u00e7ici bir fiyat avantaj\u0131yla sat\u0131\u015f yapan yeni bir oyuncu olmaktan \u00e7\u0131karak ana ak\u0131m pazar\u0131n g\u00fc\u00e7l\u00fc markalar\u0131ndan biri haline geldi\u011fini g\u00f6sterdi&#8230; Ba\u015fka bir ifadeyle Chery, T\u00fcrkiye\u2019de birka\u00e7 y\u0131l \u00f6nce fazla tan\u0131nmayan bir \u00c7in markas\u0131yken, yaln\u0131zca iki y\u0131l i\u00e7inde Renault, Volkswagen, Fiat ve Hyundai gibi k\u00f6kl\u00fc \u00fcreticilerin bulundu\u011fu ilk be\u015f s\u0131ralamas\u0131na girmeyi ba\u015fard\u0131.<\/span><\/span><\/p>\n<p style=\"margin:0cm\"><span style=\"font-family:Aptos, sans-serif\"><b><span style=\"font-size:18pt\"><span style=\"font-family:&quot;Times New Roman&quot;, serif\">Ba\u015far\u0131n\u0131n merkezinde SUV modeller bulunuyor<\/span><\/span><\/b><\/span><\/p>\n<p style=\"margin:0cm\"><span style=\"font-family:Aptos, sans-serif\"><span style=\"font-family:&quot;Times New Roman&quot;, serif\">Chery\u2019nin T\u00fcrkiye\u2019deki b\u00fcy\u00fcmesinin temelinde do\u011fru zamanda do\u011fru \u00fcr\u00fcnlerle pazara girmesi bulunuyor. T\u00fcrkiye\u2019de SUV modellerin toplam otomobil pazar\u0131ndaki pay\u0131 h\u0131zla y\u00fckselirken Chery, \u00fcr\u00fcn gam\u0131n\u0131n neredeyse tamam\u0131n\u0131 bu g\u00f6vde tipi \u00fczerine kurdu.<\/span><\/span><\/p>\n<p style=\"margin:0cm\"><span style=\"font-family:Aptos, sans-serif\"><span style=\"font-family:&quot;Times New Roman&quot;, serif\">2024 y\u0131l\u0131nda Chery TIGGO 8 Pro 16 bin 83, TIGGO 7 Pro 15 bin 447 ve OMODA 5 ise 12 bin 900 adetlik sat\u0131\u015f ger\u00e7ekle\u015ftirdi. B\u00f6ylece Chery Grubu\u2019nun \u00fc\u00e7 modeli de T\u00fcrkiye\u2019nin en \u00e7ok tercih edilen SUV\u2019lar\u0131 aras\u0131na girdi.<\/span><\/span><\/p>\n<p style=\"margin:0cm\"><span style=\"font-family:Aptos, sans-serif\"><span style=\"font-family:&quot;Times New Roman&quot;, serif\">Ayn\u0131 y\u0131l SUV pazar\u0131nda Togg T10X 30 bin 93 adetle lider olurken Fiat Egea Cross 25 bin 526, Renault-Dacia Duster 20 bin 933, Nissan Qashqai 19 bin 132 ve Peugeot 2008 ise 18 bin 612 adet satt\u0131.<\/span><\/span><\/p>\n<p style=\"margin:0cm\"><span style=\"font-family:Aptos, sans-serif\"><span style=\"font-family:&quot;Times New Roman&quot;, serif\">Chery\u2019nin fark\u0131, tek bir ba\u015far\u0131l\u0131 modele ba\u011f\u0131ml\u0131 kalmamas\u0131yd\u0131. TIGGO 7 Pro, TIGGO 8 Pro ve OMODA 5\u2019in birbirine yak\u0131n sat\u0131\u015f rakamlar\u0131, markan\u0131n farkl\u0131 fiyat ve b\u00fcy\u00fckl\u00fck s\u0131n\u0131flar\u0131nda dengeli bir m\u00fc\u015fteri taban\u0131 olu\u015fturdu\u011funu ortaya koydu.<\/span><\/span><\/p>\n<p style=\"margin:0cm\"><span style=\"font-family:Aptos, sans-serif\"><b><span style=\"font-size:18pt\"><span style=\"font-family:&quot;Times New Roman&quot;, serif\">OMODA ve JAECOO ile \u00e7ok markal\u0131 d\u00f6neme ge\u00e7ildi<\/span><\/span><\/b><\/span><\/p>\n<p style=\"margin:0cm\"><span style=\"font-family:Aptos, sans-serif\"><span style=\"font-family:&quot;Times New Roman&quot;, serif\">Chery Grubu, T\u00fcrkiye\u2019de yakalad\u0131\u011f\u0131 b\u00fcy\u00fcmeyi yaln\u0131zca Chery markas\u0131yla s\u00fcrd\u00fcrmek yerine farkl\u0131 m\u00fc\u015fteri profillerine hitap eden \u00e7ok markal\u0131 bir yap\u0131ya d\u00f6n\u00fc\u015ft\u00fcrmeye ba\u015flad\u0131. A\u011fustos 2024\u2019te JAECOO 7\u2019nin sat\u0131\u015fa sunulmas\u0131yla JAECOO markas\u0131 resmen T\u00fcrkiye pazar\u0131na girdi. Ard\u0131ndan OMODA\u2019n\u0131n ayr\u0131 bir marka yap\u0131lanmas\u0131 alt\u0131nda konumland\u0131r\u0131lmas\u0131 ve OMODA 7\u2019nin \u00fcr\u00fcn gam\u0131na eklenmesiyle grup, T\u00fcrkiye\u2019de Chery ile OMODA | JAECOO olmak \u00fczere iki ana yap\u0131 \u00fczerinden faaliyet g\u00f6stermeye ba\u015flad\u0131. Temmuz 2026 sonu itibar\u0131yla OMODA\u2019n\u0131n T\u00fcrkiye\u2019deki toplam sat\u0131\u015flar\u0131 31 bin 902 adede ula\u015ft\u0131. Bu sat\u0131\u015flar\u0131n 30 bin 470 adedini OMODA 5, bin 432 adedini ise k\u0131sa s\u00fcre \u00f6nce sat\u0131\u015fa \u00e7\u0131kan OMODA 7 olu\u015fturdu. JAECOO 7 ise yakla\u015f\u0131k iki y\u0131ll\u0131k d\u00f6nemde 17 bin 153 kullan\u0131c\u0131ya ula\u015ft\u0131. B\u00f6ylece OMODA ile JAECOO\u2019nun T\u00fcrkiye\u2019deki toplam sat\u0131\u015f hacmi 49 bin 55 adede y\u00fckseldi. Burada \u00f6nemli bir ayr\u0131nt\u0131n\u0131n alt\u0131n\u0131 \u00e7izmek gerekiyor: OMODA 5, T\u00fcrkiye\u2019de Mart 2023\u2019ten itibaren ba\u015flang\u0131\u00e7ta Chery \u00e7at\u0131s\u0131 alt\u0131nda sat\u0131l\u0131yordu. Bu nedenle 49 bin 55 adetlik toplam rakam\u0131 yaln\u0131zca OMODA | JAECOO\u2019nun son iki y\u0131ll\u0131k sat\u0131\u015flar\u0131 olarak de\u011fil, OMODA 5\u2019in 2023\u2019ten bu yana ger\u00e7ekle\u015ftirdi\u011fi sat\u0131\u015flar\u0131 da kapsayan k\u00fcm\u00fclatif sonu\u00e7 olarak de\u011ferlendirmek daha do\u011fru olacakt\u0131r.<\/span><\/span><\/p>\n<p style=\"margin:0cm\"><span style=\"font-family:Aptos, sans-serif\"><b><span style=\"font-size:18pt\"><span style=\"font-family:&quot;Times New Roman&quot;, serif\">Chery Grubu 150 bin m\u00fc\u015fteriyi ge\u00e7ti<\/span><\/span><\/b><\/span><\/p>\n<p style=\"margin:0cm\"><span style=\"font-family:Aptos, sans-serif\"><span style=\"font-family:&quot;Times New Roman&quot;, serif\">Chery taraf\u0131ndan a\u00e7\u0131klanan bilgilere g\u00f6re Chery ile OMODA | JAECOO markalar\u0131n\u0131n T\u00fcrkiye\u2019de ula\u015ft\u0131\u011f\u0131 toplam m\u00fc\u015fteri say\u0131s\u0131 150 bini a\u015ft\u0131. T\u00fcrkiye gibi marka rekabetinin son derece yo\u011fun oldu\u011fu, fiyatlar\u0131n vergiler ve d\u00f6viz kuru nedeniyle s\u00fcrekli de\u011fi\u015fti\u011fi bir pazarda \u00fc\u00e7 y\u0131l\u0131 biraz a\u015fan s\u00fcrede 150 bin m\u00fc\u015fteriye ula\u015f\u0131lmas\u0131 \u00f6nemli bir ba\u015far\u0131. Bu rakam, Chery Grubu\u2019nun T\u00fcrkiye\u2019de ni\u015f bir ithalat\u00e7\u0131 konumunu geride b\u0131rakarak kitlesel bir m\u00fc\u015fteri taban\u0131 olu\u015fturdu\u011funu g\u00f6steriyor. T\u00fcrkiye yollar\u0131ndaki ara\u00e7 say\u0131s\u0131 artt\u0131k\u00e7a ikinci el piyasas\u0131, servis tecr\u00fcbesi, yedek par\u00e7a eri\u015fimi ve marka bilinirli\u011fi de g\u00fc\u00e7leniyor. Chery\u2019nin ilk y\u0131llar\u0131ndaki en b\u00fcy\u00fck dezavantajlar\u0131ndan biri olan \u201cyeni ve bilinmeyen \u00c7inli marka\u201d alg\u0131s\u0131, yerini giderek daha g\u00f6r\u00fcn\u00fcr ve yayg\u0131n bir otomobil markas\u0131 alg\u0131s\u0131na b\u0131rak\u0131yor.<\/span><\/span><\/p>\n<p style=\"margin:0cm\"><span style=\"font-family:Aptos, sans-serif\"><b><span style=\"font-size:18pt\"><span style=\"font-family:&quot;Times New Roman&quot;, serif\">Ba\u015far\u0131n\u0131n arkas\u0131ndaki be\u015f temel neden<\/span><\/span><\/b><\/span><\/p>\n<p style=\"margin:0cm\"><span style=\"font-family:Aptos, sans-serif\"><span style=\"font-family:&quot;Times New Roman&quot;, serif\">Chery Grubu\u2019nun T\u00fcrkiye\u2019de k\u0131sa s\u00fcrede ula\u015ft\u0131\u011f\u0131 ba\u015far\u0131n\u0131n arkas\u0131nda birka\u00e7 temel unsur bulunuyor. \u0130lk olarak marka, SUV talebinin h\u0131zla artt\u0131\u011f\u0131 bir d\u00f6nemde pazara tamamen bu ihtiyaca odaklanan modellerle girdi. \u0130kinci olarak, Avrupal\u0131 rakiplerle benzer boyut ve donan\u0131m sunarken daha ula\u015f\u0131labilir fiyat politikas\u0131 uygulad\u0131. \u00dc\u00e7\u00fcnc\u00fc olarak panoramik cam tavan, b\u00fcy\u00fck ekranlar, geli\u015fmi\u015f s\u00fcr\u00fc\u015f destek sistemleri ve zengin konfor donan\u0131mlar\u0131n\u0131 giri\u015f paketlerinden itibaren sunarak t\u00fcketicide y\u00fcksek de\u011fer alg\u0131s\u0131 olu\u015fturdu.<\/span><\/span><\/p>\n<p style=\"margin:0cm\"><span style=\"font-family:Aptos, sans-serif\"><span style=\"font-family:&quot;Times New Roman&quot;, serif\">D\u00f6rd\u00fcnc\u00fc \u00f6nemli etken, k\u0131sa s\u00fcrede kurulan geni\u015f yetkili sat\u0131c\u0131 ve servis a\u011f\u0131 oldu. Be\u015finci etken ise Chery, OMODA ve JAECOO markalar\u0131n\u0131n farkl\u0131 m\u00fc\u015fteri gruplar\u0131na hitap edecek \u015fekilde konumland\u0131r\u0131lmas\u0131yd\u0131. Chery daha geni\u015f ve ana ak\u0131m m\u00fc\u015fteri kitlesine, OMODA tasar\u0131m ve teknoloji odakl\u0131 \u015fehirli kullan\u0131c\u0131lara, JAECOO ise daha premium ve off-road karakterli SUV arayanlara y\u00f6neliyor.<\/span><\/span><\/p>\n<p style=\"margin:0cm\"><span style=\"font-family:Aptos, sans-serif\"><b><span style=\"font-size:18pt\"><span style=\"font-family:&quot;Times New Roman&quot;, serif\">Bundan sonraki s\u0131nav sat\u0131\u015f sonras\u0131 hizmetler olacak<\/span><\/span><\/b><\/span><\/p>\n<p style=\"margin:0cm\"><span style=\"font-family:Aptos, sans-serif\"><span style=\"font-family:&quot;Times New Roman&quot;, serif\">Chery Grubu\u2019nun T\u00fcrkiye\u2019deki ilk a\u015fama ba\u015far\u0131s\u0131 sat\u0131\u015f rakamlar\u0131yla kan\u0131tlanm\u0131\u015f durumda. Ancak markan\u0131n uzun vadeli ba\u015far\u0131s\u0131n\u0131 yaln\u0131zca ka\u00e7 ara\u00e7 satt\u0131\u011f\u0131 belirlemeyecek. Sat\u0131\u015f sonras\u0131 hizmetlerin kalitesi, yedek par\u00e7a tedariki, ikinci el de\u011ferinin korunmas\u0131, m\u00fc\u015fteri \u015fik\u00e2yetlerinin \u00e7\u00f6z\u00fclme h\u0131z\u0131 ve yeni modellerde fiyat istikrar\u0131 bundan sonraki d\u00f6nemin belirleyici unsurlar\u0131 olacak. Renault, Volkswagen, Peugeot, Citro\u00ebn, Opel, Toyota, Hyundai ve Ford gibi markalar\u0131n T\u00fcrkiye\u2019de onlarca y\u0131lda olu\u015fturdu\u011fu marka g\u00fcveni ve servis tecr\u00fcbesi bulunuyor. Chery Grubu\u2019nun bu markalarla ger\u00e7ek anlamda ayn\u0131 seviyeye gelebilmesi i\u00e7in sat\u0131\u015f ba\u015far\u0131s\u0131n\u0131 m\u00fc\u015fteri memnuniyeti ve ikinci el g\u00fcveniyle tamamlamas\u0131 gerekiyor.<\/span><\/span><\/p>\n<p style=\"margin:0cm\"><span style=\"font-family:Aptos, sans-serif\"><b><span style=\"font-size:18pt\"><span style=\"font-family:&quot;Times New Roman&quot;, serif\">S\u0131rada yeni markalar var<\/span><\/span><\/b><\/span><\/p>\n<p style=\"margin:0cm\"><span style=\"font-family:Aptos, sans-serif\"><span style=\"font-family:&quot;Times New Roman&quot;, serif\">Chery Otomobil Grubu, \u00f6n\u00fcm\u00fczdeki d\u00f6nemde yaln\u0131zca mevcut \u00fc\u00e7 markayla yetinmeyi planlam\u0131yor. Grup; EXEED, LEPAS, iCAR, LUXEED, JETOUR ve FREELANDER gibi farkl\u0131 segmentlerde faaliyet g\u00f6steren markalar\u0131n\u0131 da ilerleyen d\u00f6nemde T\u00fcrkiye\u2019ye getirmeyi hedefliyor.<\/span><\/span><\/p>\n<p style=\"margin:0cm\"><span style=\"font-family:Aptos, sans-serif\"><span style=\"font-family:&quot;Times New Roman&quot;, serif\">Ancak \u00e7ok say\u0131da markan\u0131n ayn\u0131 anda pazara sunulmas\u0131 f\u0131rsatlar\u0131n yan\u0131nda baz\u0131 riskler de bar\u0131nd\u0131r\u0131yor. Markalar\u0131n konumlar\u0131 do\u011fru belirlenmezse modellerin birbirinin sat\u0131\u015f\u0131n\u0131 azaltmas\u0131, t\u00fcketicinin marka hiyerar\u015fisini anlamakta zorlanmas\u0131 ve sat\u0131\u015f sonras\u0131 yap\u0131lanman\u0131n karma\u015f\u0131kla\u015fmas\u0131 m\u00fcmk\u00fcn.<\/span><\/span><\/p>\n<p style=\"margin:0cm\"><span style=\"font-family:Aptos, sans-serif\"><span style=\"font-family:&quot;Times New Roman&quot;, serif\">Bu nedenle Chery Grubu\u2019nun \u00f6n\u00fcndeki yeni d\u00f6nem, yaln\u0131zca daha fazla marka ve model getirme de\u011fil, olu\u015fturdu\u011fu yap\u0131y\u0131 do\u011fru y\u00f6netme d\u00f6nemi olacak.<\/span><\/span><\/p>\n<p style=\"margin:0cm\"><span style=\"font-family:Aptos, sans-serif\"><b><span style=\"font-size:18pt\"><span style=\"font-family:&quot;Times New Roman&quot;, serif\">\u00dc\u00e7 y\u0131lda pazar\u0131n dengelerini de\u011fi\u015ftiren b\u00fcy\u00fcme<\/span><\/span><\/b><\/span><\/p>\n<p style=\"margin:0cm\"><span style=\"font-family:Aptos, sans-serif\"><span style=\"font-family:&quot;Times New Roman&quot;, serif\">Chery\u2019nin T\u00fcrkiye hik\u00e2yesi, \u00c7inli otomobil \u00fcreticilerinin art\u0131k yaln\u0131zca d\u00fc\u015f\u00fck fiyatl\u0131 alternatifler olmad\u0131\u011f\u0131n\u0131 g\u00f6steren \u00f6nemli \u00f6rneklerden biri. 2023\u2019te 40 bin 590 adetle ba\u015flayan sat\u0131\u015f ba\u015far\u0131s\u0131n\u0131n, 2024\u2019te 57 bin adedi a\u015fmas\u0131; OMODA ile JAECOO\u2019nun toplamda 49 bin 55 kullan\u0131c\u0131ya ve grubun b\u00fct\u00fcn olarak 150 binden fazla m\u00fc\u015fteriye ula\u015fmas\u0131, T\u00fcrkiye pazar\u0131nda yeni bir g\u00fc\u00e7 merkezinin olu\u015ftu\u011funu ortaya koyuyor. Chery Grubu hen\u00fcz Renault, Volkswagen, Fiat, Peugeot ve Toyota gibi k\u00f6kl\u00fc markalar\u0131n y\u0131ll\u0131k sat\u0131\u015f \u00f6l\u00e7e\u011fine ula\u015fm\u0131\u015f de\u011fil. Buna kar\u015f\u0131n yaln\u0131zca \u00fc\u00e7 y\u0131l\u0131 a\u015fan bir s\u00fcrede Peugeot, Opel, Citro\u00ebn, Skoda ve Hyundai gibi g\u00fc\u00e7l\u00fc markalarla ayn\u0131 sat\u0131\u015f liginde an\u0131lmaya ba\u015flamas\u0131 ba\u015fl\u0131 ba\u015f\u0131na \u00f6nemli bir ba\u015far\u0131. <\/span><\/span><\/p>\n<p style=\"margin:0cm\"><span style=\"font-family:Aptos, sans-serif\"><span style=\"font-family:&quot;Times New Roman&quot;, serif\">\u015eimdi as\u0131l soru \u015fu: Chery Grubu, do\u011fru \u00fcr\u00fcn ve rekabet\u00e7i fiyatla elde etti\u011fi bu h\u0131zl\u0131 b\u00fcy\u00fcmeyi; kal\u0131c\u0131 marka g\u00fcvenine, g\u00fc\u00e7l\u00fc ikinci el de\u011ferine, y\u00fcksek sat\u0131\u015f sonras\u0131 hizmet kalitesine ve T\u00fcrkiye\u2019de \u00fcretim yat\u0131r\u0131m\u0131na d\u00f6n\u00fc\u015ft\u00fcrebilecek mi?<\/span><\/span><\/p>\n<p style=\"margin:0cm\"><span style=\"font-family:Aptos, sans-serif\"><span style=\"font-family:&quot;Times New Roman&quot;, serif\">Bu sorunun cevab\u0131, Chery\u2019nin T\u00fcrkiye\u2019de ba\u015far\u0131l\u0131 bir ithalat\u00e7\u0131 olarak m\u0131 kalaca\u011f\u0131n\u0131, yoksa \u00fclkenin kal\u0131c\u0131 ve lider otomotiv gruplar\u0131ndan birine mi d\u00f6n\u00fc\u015fece\u011fini belirleyecek.<\/span><\/span><\/p>\n","protected":false},"excerpt":{"rendered":"<div class=\"mh-excerpt\"><p>Mart 2023\u2019te T\u00fcrkiye pazar\u0131na yeniden giren Chery, yaln\u0131zca \u00fc\u00e7 y\u0131l\u0131 a\u015fan bir s\u00fcrede OMODA ve JAECOO ile birlikte 150 binden fazla m\u00fc\u015fteriye ula\u015ft\u0131. \u0130lk y\u0131l\u0131nda \u00c7inli markalar aras\u0131nda a\u00e7\u0131k ara liderli\u011fe y\u00fckselen grup, 2024\u2019te T\u00fcrkiye\u2019nin en \u00e7ok satan be\u015f otomobil markas\u0131ndan biri oldu.<\/p>\n<\/div>","protected":false},"author":1,"featured_media":-999,"comment_status":"open","ping_status":"open","sticky":false,"template":"","format":"standard","meta":{"fifu_image_url":"","fifu_image_alt":"","footnotes":""},"categories":[2],"tags":[],"class_list":["post-473","post","type-post","status-publish","format-standard","has-post-thumbnail","hentry","category-haberler"],"_links":{"self":[{"href":"https:\/\/otodergi.com\/index.php\/wp-json\/wp\/v2\/posts\/473","targetHints":{"allow":["GET"]}}],"collection":[{"href":"https:\/\/otodergi.com\/index.php\/wp-json\/wp\/v2\/posts"}],"about":[{"href":"https:\/\/otodergi.com\/index.php\/wp-json\/wp\/v2\/types\/post"}],"author":[{"embeddable":true,"href":"https:\/\/otodergi.com\/index.php\/wp-json\/wp\/v2\/users\/1"}],"replies":[{"embeddable":true,"href":"https:\/\/otodergi.com\/index.php\/wp-json\/wp\/v2\/comments?post=473"}],"version-history":[{"count":0,"href":"https:\/\/otodergi.com\/index.php\/wp-json\/wp\/v2\/posts\/473\/revisions"}],"wp:attachment":[{"href":"https:\/\/otodergi.com\/index.php\/wp-json\/wp\/v2\/media?parent=473"}],"wp:term":[{"taxonomy":"category","embeddable":true,"href":"https:\/\/otodergi.com\/index.php\/wp-json\/wp\/v2\/categories?post=473"},{"taxonomy":"post_tag","embeddable":true,"href":"https:\/\/otodergi.com\/index.php\/wp-json\/wp\/v2\/tags?post=473"}],"curies":[{"name":"wp","href":"https:\/\/api.w.org\/{rel}","templated":true}]}}