{"id":472,"date":"2026-08-30T19:57:38","date_gmt":"2026-08-30T16:57:38","guid":{"rendered":"https:\/\/otodergi.com\/index.php\/2026\/08\/30\/musterilerimizin-teveccuhunu-kazandik\/"},"modified":"2026-08-30T19:57:38","modified_gmt":"2026-08-30T16:57:38","slug":"musterilerimizin-teveccuhunu-kazandik","status":"publish","type":"post","link":"https:\/\/otodergi.com\/index.php\/2026\/08\/30\/musterilerimizin-teveccuhunu-kazandik\/","title":{"rendered":"M\u00fc\u015fterilerimizin Tevecc\u00fch\u00fcn\u00fc Kazand\u0131k!"},"content":{"rendered":"<div style=\"text-align:center\"><img decoding=\"async\" src=\"https:\/\/otomobilgazetesi.com\/files\/uploads\/news\/default\/1788120363-3d7d3.jpg\" class=\"wp-post-image\" alt=\"M\u00fc\u015fterilerimizin Tevecc\u00fch\u00fcn\u00fc Kazand\u0131k!\" title=\"M\u00fc\u015fterilerimizin Tevecc\u00fch\u00fcn\u00fc Kazand\u0131k!\" loading=\"lazy\"><\/div><p style=\"margin:0cm\"><span style=\"font-family:&quot;Times New Roman&quot;, serif\">\u201cChery Otomobil Grubu olarak de\u011fi\u015fen kullan\u0131c\u0131 ihtiya\u00e7lar\u0131 do\u011frultusunda farkl\u0131 m\u00fc\u015fteri profillerine hitap eden markalar ve \u00fcr\u00fcnler geli\u015ftiriyoruz. Bu yap\u0131lanman\u0131n merkezinde m\u00fc\u015fterilerimizin g\u00fcvenini ve tevecc\u00fch\u00fcn\u00fc kazanmak bulunuyor. T\u00fcrkiye\u2019de \u00fc\u00e7 y\u0131l\u0131 a\u015fk\u0131n s\u00fcredir ad\u0131m ad\u0131m b\u00fcy\u00fctt\u00fc\u011f\u00fcm\u00fcz yap\u0131lanmam\u0131zla Chery ve OMODA | JAECOO markalar\u0131m\u0131z alt\u0131nda 150 bini a\u015fk\u0131n m\u00fc\u015fteriye ula\u015fm\u0131\u015f durumday\u0131z. OMODA\u2019n\u0131n 31 bin 902 kullan\u0131c\u0131ya ula\u015fmas\u0131, markan\u0131n T\u00fcrkiye pazar\u0131nda ne kadar g\u00fc\u00e7l\u00fc bir kar\u015f\u0131l\u0131k buldu\u011funu g\u00f6steriyor. JAECOO 7\u2019nin yakla\u015f\u0131k iki y\u0131lda 17 bin 153 kullan\u0131c\u0131yla bulu\u015fmas\u0131 ise premium SUV segmentindeki iddiam\u0131z\u0131 ortaya koyuyor. OMODA\u2019n\u0131n tasar\u0131m, teknoloji ve \u015fehirli ya\u015fam tarz\u0131na odaklanan karakteri ile JAECOO\u2019nun premium ve off-road yakla\u015f\u0131m\u0131 birbirini g\u00fc\u00e7l\u00fc bi\u00e7imde tamaml\u0131yor. B\u00f6ylece farkl\u0131 beklentilere sahip daha geni\u015f bir kullan\u0131c\u0131 kitlesine ula\u015fabiliyoruz. T\u00fcrkiye, OMODA | JAECOO\u2019nun k\u00fcresel b\u00fcy\u00fcme stratejisindeki en \u00f6nemli pazarlardan biri. \u00d6n\u00fcm\u00fczdeki d\u00f6nemde mevcut markalar\u0131m\u0131z\u0131n \u00fcr\u00fcn gam\u0131n\u0131 geni\u015fletirken sat\u0131\u015f ve sat\u0131\u015f sonras\u0131 hizmet kalitemizi geli\u015ftirmeyi s\u00fcrd\u00fcrece\u011fiz. Ayn\u0131 zamanda Chery Grubu\u2019nun k\u00fcresel pazarlarda faaliyet g\u00f6steren di\u011fer markalar\u0131n\u0131 da T\u00fcrkiye\u2019deki kullan\u0131c\u0131larla bulu\u015fturmay\u0131 arzu ediyoruz. T\u00fcrkiye\u2019de uzun vadeli ve s\u00fcrd\u00fcr\u00fclebilir b\u00fcy\u00fcme konusunda kararl\u0131y\u0131z.\u201d<\/span><\/p>\n","protected":false},"excerpt":{"rendered":"<div class=\"mh-excerpt\"><p>\u200b\u200b\u200b\u200b\u200b\u200b\u200bChery Otomobil Grubu T\u00fcrkiye Kurucu K\u0131demli Ba\u015fkan Yard\u0131mc\u0131s\u0131 Ahu Turan, grubun T\u00fcrkiye\u2019de ula\u015ft\u0131\u011f\u0131 sonu\u00e7lar\u0131 \u015f\u00f6yle de\u011ferlendirdi&#8230; Turan, Chery\u2019nin T\u00fcrkiye\u2019ye giri\u015f yapt\u0131\u011f\u0131 ilk g\u00fcnden itibaren ayn\u0131 g\u00f6revi ba\u015far\u0131yla s\u00fcrd\u00fcr\u00fcyor&#8230;<\/p>\n<\/div>","protected":false},"author":1,"featured_media":-999,"comment_status":"open","ping_status":"open","sticky":false,"template":"","format":"standard","meta":{"fifu_image_url":"","fifu_image_alt":"","footnotes":""},"categories":[2],"tags":[],"class_list":["post-472","post","type-post","status-publish","format-standard","has-post-thumbnail","hentry","category-haberler"],"_links":{"self":[{"href":"https:\/\/otodergi.com\/index.php\/wp-json\/wp\/v2\/posts\/472","targetHints":{"allow":["GET"]}}],"collection":[{"href":"https:\/\/otodergi.com\/index.php\/wp-json\/wp\/v2\/posts"}],"about":[{"href":"https:\/\/otodergi.com\/index.php\/wp-json\/wp\/v2\/types\/post"}],"author":[{"embeddable":true,"href":"https:\/\/otodergi.com\/index.php\/wp-json\/wp\/v2\/users\/1"}],"replies":[{"embeddable":true,"href":"https:\/\/otodergi.com\/index.php\/wp-json\/wp\/v2\/comments?post=472"}],"version-history":[{"count":0,"href":"https:\/\/otodergi.com\/index.php\/wp-json\/wp\/v2\/posts\/472\/revisions"}],"wp:attachment":[{"href":"https:\/\/otodergi.com\/index.php\/wp-json\/wp\/v2\/media?parent=472"}],"wp:term":[{"taxonomy":"category","embeddable":true,"href":"https:\/\/otodergi.com\/index.php\/wp-json\/wp\/v2\/categories?post=472"},{"taxonomy":"post_tag","embeddable":true,"href":"https:\/\/otodergi.com\/index.php\/wp-json\/wp\/v2\/tags?post=472"}],"curies":[{"name":"wp","href":"https:\/\/api.w.org\/{rel}","templated":true}]}}