{"id":470,"date":"2026-08-31T08:32:15","date_gmt":"2026-08-31T05:32:15","guid":{"rendered":"https:\/\/otodergi.com\/index.php\/2026\/08\/31\/dunya-motokrosunun-yildizlari-afyonkarahisarda-bulusuyor\/"},"modified":"2026-08-31T08:32:15","modified_gmt":"2026-08-31T05:32:15","slug":"dunya-motokrosunun-yildizlari-afyonkarahisarda-bulusuyor","status":"publish","type":"post","link":"https:\/\/otodergi.com\/index.php\/2026\/08\/31\/dunya-motokrosunun-yildizlari-afyonkarahisarda-bulusuyor\/","title":{"rendered":"D\u00dcNYA MOTOKROSUNUN YILDIZLARI AFYONKARAH\u0130SAR\u2019DA BULU\u015eUYOR"},"content":{"rendered":"<div style=\"text-align:center\"><img decoding=\"async\" src=\"https:\/\/otomobilgazetesi.com\/files\/uploads\/news\/default\/1788165227-fb892.jpg\" class=\"wp-post-image\" alt=\"D\u00dcNYA MOTOKROSUNUN YILDIZLARI AFYONKARAH\u0130SAR\u2019DA BULU\u015eUYOR\" title=\"D\u00dcNYA MOTOKROSUNUN YILDIZLARI AFYONKARAH\u0130SAR\u2019DA BULU\u015eUYOR\" loading=\"lazy\"><\/div><p>T\u00fcrkiye\u2019nin uluslararas\u0131 alanda istikrarl\u0131 \u015fekilde d\u00fczenlenen spor organizasyonlar\u0131ndan biri olan MXGP T\u00fcrkiye\u2019de, Kawasaki, Honda, Yamaha, KTM, Husqvarna, Ducati ve Triumph gibi d\u00fcnyan\u0131n \u00f6nde gelen markalar\u0131n\u0131n fabrika tak\u0131mlar\u0131 m\u00fccadele edecek. \u015eampiyonada 25 \u00fclkeden yakla\u015f\u0131k 150 elit yar\u0131\u015f\u00e7\u0131n\u0131n start almas\u0131 bekleniyor. MXGP T\u00fcrkiye\u2019nin en dikkat \u00e7ekici isimleri aras\u0131nda d\u00fcnya \u015fampiyonlar\u0131 Jeffrey Herlings ve Tim Gajser \u00f6ne \u00e7\u0131k\u0131yor.<\/p>\n<p><strong>HERLINGS Z\u0130RVEY\u0130 BIRAKMIYOR<\/strong><\/p>\n<p>Motokros d\u00fcnyas\u0131n\u0131n en ba\u015far\u0131l\u0131 isimlerinden Hollandal\u0131 Jeffrey Herlings, kariyerindeki d\u00fcnya \u015fampiyonluklar\u0131 ve Grand Prix zaferleriyle MXGP T\u00fcrkiye\u2019nin en g\u00fc\u00e7l\u00fc y\u0131ld\u0131zlar\u0131ndan biri olacak.<\/p>\n<p>Herlings, 2012, 2013 ve 2016 y\u0131llar\u0131nda MX2, 2018 ve 2021 y\u0131llar\u0131nda ise MXGP D\u00fcnya \u015eampiyonlu\u011fu elde etti. Bu sezon da g\u00fc\u00e7l\u00fc performans\u0131n\u0131 s\u00fcrd\u00fcren Hollandal\u0131 sporcu, 16 yar\u0131\u015f\u0131n 10\u2019undan galibiyetle ayr\u0131ld\u0131. MXGP tarihinin en fazla Grand Prix zaferine sahip sporcusu olan Herlings, Afyonkarahisar\u2019da bir kez daha zirve m\u00fccadelesi verecek.<\/p>\n<p><strong>5 KEZ D\u00dcNYA \u015eAMP\u0130YONU GAJSER AFYON\u2019DA<\/strong><\/p>\n<p>MXGP T\u00fcrkiye\u2019nin bir di\u011fer \u00f6nemli y\u0131ld\u0131z\u0131 ise Slovenyal\u0131 Tim Gajser olacak. Kariyerinde 4 MXGP ve 1 MX2 olmak \u00fczere toplam 5 d\u00fcnya \u015fampiyonlu\u011fu bulunan Gajser, motokros tarihinin en ba\u015far\u0131l\u0131 s\u00fcr\u00fcc\u00fcleri aras\u0131nda g\u00f6steriliyor. Grand Prix zaferleri a\u00e7\u0131s\u0131ndan t\u00fcm zamanlar\u0131n en ba\u015far\u0131l\u0131 be\u015f s\u00fcr\u00fcc\u00fcs\u00fc aras\u0131nda yer alan Gajser, Afyonkarahisar\u2019da rakiplerine kar\u015f\u0131 zorlu bir m\u00fccadele verecek.<\/p>\n<p><strong>FEBVRE \u015eAMP\u0130YONLUK MADALYASINI KORUMAK \u0130ST\u0130YOR<\/strong><\/p>\n<p>MXGP T\u00fcrkiye\u2019de m\u00fccadele edecek bir di\u011fer d\u00fcnya \u015fampiyonu ise Romain Febvre olacak. 2015 ve 2025 MXGP D\u00fcnya \u015eampiyonu olan Frans\u0131z sporcu, bu sezon hen\u00fcz yar\u0131\u015f galibiyeti elde edemese de deneyimi ve kariyeriyle yar\u0131\u015f\u0131n dikkat \u00e7eken isimleri aras\u0131nda bulunuyor. Febvre, Afyonkarahisar\u2019da hem podyum m\u00fccadelesi verecek hem de \u015fampiyonluk yar\u0131\u015f\u0131ndaki iddias\u0131n\u0131 s\u00fcrd\u00fcrmeye \u00e7al\u0131\u015facak.<\/p>\n<p><strong>GEN\u00c7 YILDIZ COENEN Z\u0130RVEY\u0130 ZORLAYACAK<\/strong><\/p>\n<p>MXGP T\u00fcrkiye\u2019nin gen\u00e7 y\u0131ld\u0131zlar\u0131ndan Lucas Coenen ise \u015fampiyonan\u0131n zirve adaylar\u0131 aras\u0131nda yer al\u0131yor. 2006 do\u011fumlu Bel\u00e7ikal\u0131 sporcu, bu sezon 16 Grand Prix\u2019nin 5\u2019ini kazanarak dikkat \u00e7ekici bir performans ortaya koydu. Coenen, gen\u00e7 ya\u015f\u0131na ra\u011fmen MXGP\u2019nin deneyimli isimleriyle m\u00fccadele ederek podyumun g\u00fc\u00e7l\u00fc adaylar\u0131 aras\u0131nda g\u00f6steriliyor.<\/p>\n<p>Motokros D\u00fcnya \u015eampiyonas\u0131\u2019nda 2022\u2019den bu yana MX2 s\u0131n\u0131f\u0131nda yar\u0131\u015fan Coenen, 2024 sezonunu MX2\u2019de ikinci s\u0131rada tamamlad\u0131. Ayn\u0131 sezon dokuz Grand Prix zaferi elde eden gen\u00e7 sporcu, 2025\u2019ten itibaren MXGP s\u0131n\u0131f\u0131nda m\u00fccadele etmeye ba\u015flad\u0131. MXGP\u2019deki ilk sezonunda Romain Febvre\u2019nin ard\u0131ndan ikinci s\u0131rada yer alan Coenen, sezon boyunca elde etti\u011fi alt\u0131 Grand Prix galibiyetiyle d\u00fcnya motokrosunun gelecek vadeden isimlerinden biri oldu\u011funu kan\u0131tlad\u0131.<\/p>\n","protected":false},"excerpt":{"rendered":"<div class=\"mh-excerpt\"><p>D\u00fcnyan\u0131n en \u00e7ok takip edilen motokros organizasyonlar\u0131ndan biri olan D\u00fcnya Motokros \u015eampiyonas\u0131\u2019n\u0131n MXGP T\u00fcrkiye etab\u0131, \u00fcst \u00fcste 9. kez Afyonkarahisar\u2019da ger\u00e7ekle\u015ftirilecek. 5-6 Eyl\u00fcl 2026 tarihlerinde d\u00fczenlenecek MXGP T\u00fcrkiye, d\u00fcnya motokrosunun en \u00f6nemli y\u0131ld\u0131z sporcular\u0131n\u0131 Afyonkarahisar\u2019da bulu\u015fturacak.<\/p>\n<\/div>","protected":false},"author":1,"featured_media":-999,"comment_status":"open","ping_status":"open","sticky":false,"template":"","format":"standard","meta":{"fifu_image_url":"","fifu_image_alt":"","footnotes":""},"categories":[8],"tags":[],"class_list":["post-470","post","type-post","status-publish","format-standard","has-post-thumbnail","hentry","category-motorsporlari"],"_links":{"self":[{"href":"https:\/\/otodergi.com\/index.php\/wp-json\/wp\/v2\/posts\/470","targetHints":{"allow":["GET"]}}],"collection":[{"href":"https:\/\/otodergi.com\/index.php\/wp-json\/wp\/v2\/posts"}],"about":[{"href":"https:\/\/otodergi.com\/index.php\/wp-json\/wp\/v2\/types\/post"}],"author":[{"embeddable":true,"href":"https:\/\/otodergi.com\/index.php\/wp-json\/wp\/v2\/users\/1"}],"replies":[{"embeddable":true,"href":"https:\/\/otodergi.com\/index.php\/wp-json\/wp\/v2\/comments?post=470"}],"version-history":[{"count":0,"href":"https:\/\/otodergi.com\/index.php\/wp-json\/wp\/v2\/posts\/470\/revisions"}],"wp:attachment":[{"href":"https:\/\/otodergi.com\/index.php\/wp-json\/wp\/v2\/media?parent=470"}],"wp:term":[{"taxonomy":"category","embeddable":true,"href":"https:\/\/otodergi.com\/index.php\/wp-json\/wp\/v2\/categories?post=470"},{"taxonomy":"post_tag","embeddable":true,"href":"https:\/\/otodergi.com\/index.php\/wp-json\/wp\/v2\/tags?post=470"}],"curies":[{"name":"wp","href":"https:\/\/api.w.org\/{rel}","templated":true}]}}