{"id":261,"date":"2026-04-30T13:40:08","date_gmt":"2026-04-30T10:40:08","guid":{"rendered":"https:\/\/otodergi.com\/index.php\/2026\/04\/30\/skodanin-spordan-sonra-muzige-de-destegi-suruyor\/"},"modified":"2026-04-30T13:40:08","modified_gmt":"2026-04-30T10:40:08","slug":"skodanin-spordan-sonra-muzige-de-destegi-suruyor","status":"publish","type":"post","link":"https:\/\/otodergi.com\/index.php\/2026\/04\/30\/skodanin-spordan-sonra-muzige-de-destegi-suruyor\/","title":{"rendered":"Skoda&#8217;n\u0131n spordan sonra m\u00fczi\u011fe de deste\u011fi s\u00fcr\u00fcyor!"},"content":{"rendered":"<div style=\"text-align:center\"><img decoding=\"async\" src=\"https:\/\/otomobilgazetesi.com\/files\/uploads\/news\/default\/1777556905-64be2.jpg\" class=\"wp-post-image\" alt=\"Skoda&#8217;n\u0131n spordan sonra m\u00fczi\u011fe de deste\u011fi s\u00fcr\u00fcyor!\" loading=\"lazy\"><\/div><p align=\"center\" class=\"Default\" style=\"border:medium;margin:0cm 0cm 12pt;text-align:center\">\u00a0<\/p>\n<p class=\"Body\" style=\"border:medium;margin:0cm;text-align:justify\"><span style='font-family:\"Times New Roman\", serif'><span lang=\"DE\" style=\"font-size:11pt\"><span style=\"font-family:Verdana, sans-serif\">Sanat\u00e7\u0131n\u0131n klasik m\u00fczikteki yarat\u0131c\u0131 diliyle caz\u0131<\/span><\/span><span lang=\"NL\" style=\"font-size:11pt\"><span style=\"font-family:Verdana, sans-serif\">n do<\/span><\/span><span lang=\"DE\" style=\"font-size:11pt\"><span style=\"font-family:Verdana, sans-serif\">\u011fa\u00e7lama ruhunu bulu\u015fturdu\u011fu bu <\/span><\/span><span lang=\"SV\" style=\"font-size:11pt\"><span style=\"font-family:Verdana, sans-serif\">\u00f6<\/span><\/span><span lang=\"DE\" style=\"font-size:11pt\"><span style=\"font-family:Verdana, sans-serif\">zel proje, Faz\u0131l Say Jazz Quintet ile hayat bulurken \u0160koda, bu yolculu\u011fa e\u015flik ediyor.<\/span><\/span><\/span><\/p>\n<p class=\"Body\" style=\"border:medium;margin:0cm;text-align:justify\"><span style='font-family:\"Times New Roman\", serif'><b><span lang=\"DE\" style=\"font-size:11pt\"><span style=\"font-family:Verdana, sans-serif\">Pozitif M\u00fczik<\/span><\/span><\/b><span lang=\"DE\" style=\"font-size:11pt\"><span style=\"font-family:Verdana, sans-serif\"> organizasyonuyla ger\u00e7ekle\u015fecek<\/span><\/span><span lang=\"DA\" style=\"font-size:11pt\"><span style=\"font-family:Verdana, sans-serif\"> turne, T<\/span><\/span><span lang=\"DE\" style=\"font-size:11pt\"><span style=\"font-family:Verdana, sans-serif\">\u00fcrkiye genelinde 7 \u015fehir ve 10 konserle m\u00fczikseverlerle bulu\u015facak. <b>\u201cSay Plays Jazz on Tour with \u0160koda&#8221;<\/b>, Faz\u0131l Say\u2019\u0131n cazla kurdu\u011fu ili\u015fkinin bug\u00fcne kadarki en kapsaml\u0131 ifadesi olarak \u00f6ne \u00e7\u0131karken; sanat\u00e7\u0131n\u0131n caz formuna yaln\u0131zca yorumcu olarak de\u011fil, do\u011frudan besteci ve proje kurucusu kimli\u011fiyle yakla\u015ft\u0131\u011f\u0131 \u00f6zg\u00fcn bir \u00fcretim modeli sunacak.<\/span><\/span><\/span><\/p>\n<p class=\"Body\" style=\"border:medium;margin:0cm;text-align:justify\">\u00a0<\/p>\n<p class=\"Body\" style=\"border:medium;margin:0cm;text-align:justify\"><span style='font-family:\"Times New Roman\", serif'><b><span style=\"font-size:11pt\"><span style=\"font-family:Verdana, sans-serif\">SAY<\/span><\/span><\/b><span dir=\"RTL\" lang=\"AR-SA\" style=\"font-size:11pt\"><span style='font-family:\"Arial Unicode MS\", sans-serif'>\u2019<\/span><\/span><b><span lang=\"DE\" style=\"font-size:11pt\"><span style=\"font-family:Verdana, sans-serif\">IN M\u00dc<\/span><\/span><\/b><b><span style=\"font-size:11pt\"><span style=\"font-family:Verdana, sans-serif\">Z\u0130KAL ANLATISINDA YEN\u0130 B\u0130<\/span><\/span><\/b><b><span lang=\"DE\" style=\"font-size:11pt\"><span style=\"font-family:Verdana, sans-serif\">R DER<\/span><\/span><\/b><b><span style=\"font-size:11pt\"><span style=\"font-family:Verdana, sans-serif\">\u0130NL\u0130K<\/span><\/span><\/b><\/span><\/p>\n<p class=\"Body\" style=\"border:medium;margin:0cm;text-align:justify\"><span style='font-family:\"Times New Roman\", serif'><span dir=\"RTL\" lang=\"AR-SA\" style=\"font-size:11pt\"><span style='font-family:\"Arial Unicode MS\", sans-serif'>\u201c<\/span><\/span><span style=\"font-size:11pt\"><span style=\"font-family:Verdana, sans-serif\">Say Plays Jazz<\/span><\/span><span lang=\"DE\" style=\"font-size:11pt\"><span style=\"font-family:Verdana, sans-serif\">\u201d, Faz\u0131l Say\u2019\u0131n bug\u00fcne dek geli\u015ftirdi\u011fi m\u00fczikal anlat\u0131n\u0131n yeni bir evresi olarak <\/span><\/span><span lang=\"SV\" style=\"font-size:11pt\"><span style=\"font-family:Verdana, sans-serif\">\u00f6<\/span><\/span><span lang=\"DE\" style=\"font-size:11pt\"><span style=\"font-family:Verdana, sans-serif\">ne \u00e7\u0131k\u0131yor. Sanat\u00e7\u0131, bu projede cazla kurdu\u011fu ba\u011f\u0131 yaln\u0131zca yorumcu olarak de\u011fil, do\u011frudan \u00fcretici kimli\u011fiyle derinle\u015ftiriyor. Bu projede, caz be\u015flisi i\u00e7in <\/span><\/span><span lang=\"SV\" style=\"font-size:11pt\"><span style=\"font-family:Verdana, sans-serif\">\u00f6<\/span><\/span><span lang=\"DE\" style=\"font-size:11pt\"><span style=\"font-family:Verdana, sans-serif\">zel olarak besteledi\u011fi yeni eserlerin yan\u0131 s\u0131ra, ge\u00e7mi\u015f d<\/span><\/span><span lang=\"SV\" style=\"font-size:11pt\"><span style=\"font-family:Verdana, sans-serif\">\u00f6<\/span><\/span><span lang=\"DE\" style=\"font-size:11pt\"><span style=\"font-family:Verdana, sans-serif\">nem \u00e7al\u0131\u015fmalar\u0131n\u0131n caz formundaki yepyeni d\u00fczenlemeleri de yer al\u0131yor.<\/span><\/span><\/span><\/p>\n<p class=\"Body\" style=\"border:medium;margin:0cm;text-align:justify\"><span style='font-family:\"Times New Roman\", serif'><span lang=\"DE\" style=\"font-size:11pt\"><span style=\"font-family:Verdana, sans-serif\">Say bu projeyi, <\/span><\/span><span dir=\"RTL\" lang=\"AR-SA\" style=\"font-size:11pt\"><span style='font-family:\"Arial Unicode MS\", sans-serif'>\u201c<\/span><\/span><i><span lang=\"DE\" style=\"font-size:11pt\"><span style=\"font-family:Verdana, sans-serif\">Repertuvar\u0131n temelinde g\u00fc\u00e7l\u00fc bir sosyal duyarl\u0131l\u0131k yat\u0131yor. Do\u011fu ile Bat\u0131 aras\u0131ndaki k\u00fclt\u00fcrel k<\/span><\/span><\/i><i><span lang=\"SV\" style=\"font-size:11pt\"><span style=\"font-family:Verdana, sans-serif\">\u00f6<\/span><\/span><\/i><i><span lang=\"DE\" style=\"font-size:11pt\"><span style=\"font-family:Verdana, sans-serif\">pr\u00fcn\u00fcn yan\u0131 s\u0131ra; g\u00fcn\u00fcm\u00fcz\u00fcn k\u00fcresel krizlerini, T\u00fcrkiye&#8217;nin toplumsal meselelerini, do\u011fa tahribat\u0131n\u0131, sokak hayvanlar\u0131n\u0131n durumunu ve e\u011fitim sistemindeki sanc\u0131lar\u0131 oda\u011f\u0131na alan eserlerle \u00e7a\u011f\u0131m\u0131z\u0131n dertlerine m\u00fczikal bir ayna tutuyoruz.\u201d<\/span><\/span><\/i><span lang=\"DE\" style=\"font-size:11pt\"><span style=\"font-family:Verdana, sans-serif\"> \u015feklinde anlat\u0131yor.<\/span><\/span><\/span><\/p>\n<p class=\"Body\" style=\"border:medium;margin:0cm;text-align:justify\">\u00a0<\/p>\n<p class=\"Body\" style=\"border:medium;margin:0cm;text-align:justify\"><span style='font-family:\"Times New Roman\", serif'><b><span lang=\"PT\" style=\"font-size:11pt\"><span style=\"font-family:Verdana, sans-serif\">KES<\/span><\/span><\/b><b><span lang=\"DE\" style=\"font-size:11pt\"><span style=\"font-family:Verdana, sans-serif\">\u0130NT\u0130S\u0130Z B\u0130R M\u00dcZ\u0130KAL DENEY\u0130M<\/span><\/span><\/b><\/span><\/p>\n<p class=\"Body\" style=\"border:medium;margin:0cm;text-align:justify\"><span style='font-family:\"Times New Roman\", serif'><b><span lang=\"DE\" style=\"font-size:11pt\"><span style=\"font-family:Verdana, sans-serif\">Faz\u0131l Say<\/span><\/span><\/b><span lang=\"DE\" style=\"font-size:11pt\"><span style=\"font-family:Verdana, sans-serif\">, bu projede klasik konser formunun <\/span><\/span><span lang=\"SV\" style=\"font-size:11pt\"><span style=\"font-family:Verdana, sans-serif\">\u00f6<\/span><\/span><span lang=\"DE\" style=\"font-size:11pt\"><span style=\"font-family:Verdana, sans-serif\">tesine ge\u00e7erek b\u00fct\u00fcnl\u00fckl\u00fc bir sahne kurgusu sunuyor. Bu yakla\u015f\u0131m, konseri yaln\u0131zca bir performans olmaktan \u00e7\u0131kar\u0131<\/span><\/span><span lang=\"NL\" style=\"font-size:11pt\"><span style=\"font-family:Verdana, sans-serif\">p ba<\/span><\/span><span lang=\"DE\" style=\"font-size:11pt\"><span style=\"font-family:Verdana, sans-serif\">\u015ftan sona deneyimlenen bir anlat\u0131ya d<\/span><\/span><span lang=\"SV\" style=\"font-size:11pt\"><span style=\"font-family:Verdana, sans-serif\">\u00f6<\/span><\/span><span lang=\"DE\" style=\"font-size:11pt\"><span style=\"font-family:Verdana, sans-serif\">n\u00fc\u015ft\u00fcr\u00fcyor.<\/span><\/span><\/p>\n<p><span lang=\"DE\" style=\"font-size:11pt\"><span style=\"font-family:Verdana, sans-serif\">\u201c<\/span><\/span><i><span lang=\"DE\" style=\"font-size:11pt\"><span style=\"font-family:Verdana, sans-serif\">Performans\u0131<\/span><\/span><\/i><i><span lang=\"PT\" style=\"font-size:11pt\"><span style=\"font-family:Verdana, sans-serif\">, par<\/span><\/span><\/i><i><span lang=\"DE\" style=\"font-size:11pt\"><span style=\"font-family:Verdana, sans-serif\">\u00e7alar\u0131n birbirine ba\u011fland\u0131\u011f\u0131 kesintisiz bir senfoni yap\u0131s\u0131nda kurgulad\u0131m. \u0130zleyicilerimiz, 75-80 dakika s\u00fcrecek bu ak\u0131\u015f\u0131, aralarda b<\/span><\/span><\/i><i><span lang=\"SV\" style=\"font-size:11pt\"><span style=\"font-family:Verdana, sans-serif\">\u00f6<\/span><\/span><\/i><i><span lang=\"DE\" style=\"font-size:11pt\"><span style=\"font-family:Verdana, sans-serif\">l\u00fcm kesintisi olmadan tek ve b\u00fct\u00fcnc\u00fcl bir eser gibi deneyimleyecek. Ayn\u0131 zamanda bir alb\u00fcm olarak da kayda alaca\u011f\u0131m\u0131z bu \u00e7al\u0131\u015fmay\u0131 ilerleyen d<\/span><\/span><\/i><i><span lang=\"SV\" style=\"font-size:11pt\"><span style=\"font-family:Verdana, sans-serif\">\u00f6<\/span><\/span><\/i><i><span lang=\"DE\" style=\"font-size:11pt\"><span style=\"font-family:Verdana, sans-serif\">nemde d\u00fcnya sahnelerine de ta\u015f\u0131yaca\u011f\u0131z.\u201d<\/span><\/span><\/i><\/span><\/p>\n<p class=\"Body\" style=\"border:medium;margin:0cm;text-align:justify\"><span style='font-family:\"Times New Roman\", serif'><span style=\"font-size:11pt\"><span style=\"font-family:Verdana, sans-serif\">Bu kurgusal yap\u0131, projeyi par\u00e7alardan olu\u015fan bir konser serisinden <\/span><\/span><span lang=\"SV\" style=\"font-size:11pt\"><span style=\"font-family:Verdana, sans-serif\">\u00f6<\/span><\/span><span style=\"font-size:11pt\"><span style=\"font-family:Verdana, sans-serif\">teye ta\u015f\u0131yarak, ba\u015ftan sona tasarlanm\u0131\u015f tek bir m\u00fczikal anlat\u0131 olarak konumland\u0131r\u0131yor ve benzer caz projelerinden belirgin bi\u00e7imde ayr\u0131\u015ft\u0131r\u0131yor.<\/span><\/span><\/span><\/p>\n<p class=\"Body\" style=\"border:medium;margin:0cm;text-align:justify\">\u00a0<\/p>\n<p class=\"Body\" style=\"border:medium;margin:0cm;text-align:justify\"><span style='font-family:\"Times New Roman\", serif'><b><span style=\"font-size:11pt\"><span style=\"font-family:Verdana, sans-serif\">V\u0130<\/span><\/span><\/b><b><span lang=\"DE\" style=\"font-size:11pt\"><span style=\"font-family:Verdana, sans-serif\">RT<\/span><\/span><\/b><b><span style=\"font-size:11pt\"><span style=\"font-family:Verdana, sans-serif\">\u00dc\u00d6<\/span><\/span><\/b><b><span lang=\"DE\" style=\"font-size:11pt\"><span style=\"font-family:Verdana, sans-serif\">ZLERDEN OLU<\/span><\/span><\/b><b><span style=\"font-size:11pt\"><span style=\"font-family:Verdana, sans-serif\">\u015e<\/span><\/span><\/b><b><span lang=\"DE\" style=\"font-size:11pt\"><span style=\"font-family:Verdana, sans-serif\">AN G<\/span><\/span><\/b><b><span style=\"font-size:11pt\"><span style=\"font-family:Verdana, sans-serif\">\u00dc\u00c7L\u00dc <\/span><\/span><\/b><b><span lang=\"DE\" style=\"font-size:11pt\"><span style=\"font-family:Verdana, sans-serif\">KADRO<\/span><\/span><\/b><\/span><\/p>\n<p class=\"Body\" style=\"border:medium;margin:0cm;text-align:justify\"><span style='font-family:\"Times New Roman\", serif'><span style=\"font-size:11pt\"><span style=\"font-family:Verdana, sans-serif\">Faz\u0131l Say Jazz Quintet, alanlar\u0131nda uluslararas\u0131 ba\u015far\u0131ya sahip m\u00fczisyenleri bir araya getiriyor. Sahnede Faz\u0131l Say\u2019\u0131n tu\u015flar\u0131ndaki ustal\u0131\u011fa T\u00fcrkiye&#8217;nin en de\u011ferli m\u00fczisyenleri e\u015flik ediyor. G\u00fc\u00e7l\u00fc ve \u00e7ok y<\/span><\/span><span lang=\"SV\" style=\"font-size:11pt\"><span style=\"font-family:Verdana, sans-serif\">\u00f6<\/span><\/span><span style=\"font-size:11pt\"><span style=\"font-family:Verdana, sans-serif\">nl\u00fc vokaliyle Ezgi Ala\u015f<\/span><\/span><span lang=\"DA\" style=\"font-size:11pt\"><span style=\"font-family:Verdana, sans-serif\">, fl<\/span><\/span><span style=\"font-size:11pt\"><span style=\"font-family:Verdana, sans-serif\">\u00fct\u00fcn b\u00fcy\u00fcleyici t\u0131n\u0131s\u0131yla Asl\u0131han And Say, saksafondaki dinamik stiliyle Serdar Bar\u00e7\u0131n ve caz sahnesinin en <\/span><\/span><span lang=\"SV\" style=\"font-size:11pt\"><span style=\"font-family:Verdana, sans-serif\">\u00f6<\/span><\/span><span style=\"font-size:11pt\"><span style=\"font-family:Verdana, sans-serif\">nemli davulcular\u0131ndan Ferit Odman&#8217;\u0131n ritmik zenginli\u011fi bu projede bir araya geliyor. Be\u015flinin sahnede yarataca\u011f\u0131 y\u00fcksek enerji ve do\u011fa\u00e7lama yetene\u011fi, her bir konseri benzersiz bir m\u00fczik \u015f\u00f6lenine d<\/span><\/span><span lang=\"SV\" style=\"font-size:11pt\"><span style=\"font-family:Verdana, sans-serif\">\u00f6<\/span><\/span><span style=\"font-size:11pt\"><span style=\"font-family:Verdana, sans-serif\">n\u00fc\u015ft\u00fcrecek.<\/span><\/span><\/span><\/p>\n<p class=\"Body\" style=\"border:medium;margin:0cm;text-align:justify\">\u00a0<\/p>\n<p class=\"Body\" style=\"border:medium;margin:0cm;text-align:justify\"><span style='font-family:\"Times New Roman\", serif'><b><span style=\"font-size:11pt\"><span style=\"font-family:Verdana, sans-serif\">YAZ BOYU T<\/span><\/span><\/b><b><span lang=\"DE\" style=\"font-size:11pt\"><span style=\"font-family:Verdana, sans-serif\">\u00dc<\/span><\/span><\/b><b><span style=\"font-size:11pt\"><span style=\"font-family:Verdana, sans-serif\">RK\u0130<\/span><\/span><\/b><b><span lang=\"DE\" style=\"font-size:11pt\"><span style=\"font-family:Verdana, sans-serif\">YE TURNES<\/span><\/span><\/b><b><span style=\"font-size:11pt\"><span style=\"font-family:Verdana, sans-serif\">\u0130<\/span><\/span><\/b><\/span><\/p>\n<p class=\"Body\" style=\"border:medium;margin:0cm;text-align:justify\"><span style='font-family:\"Times New Roman\", serif'><span dir=\"RTL\" lang=\"AR-SA\" style=\"font-size:11pt\"><span style='font-family:\"Arial Unicode MS\", sans-serif'>\u201c<\/span><\/span><b><span style=\"font-size:11pt\"><span style=\"font-family:Verdana, sans-serif\">Say Plays Jazz on Tour with <\/span><\/span><\/b><b><span lang=\"DE\" style=\"font-size:11pt\"><span style=\"font-family:Verdana, sans-serif\">\u0160koda<\/span><\/span><\/b><span lang=\"DE\" style=\"font-size:11pt\"><span style=\"font-family:Verdana, sans-serif\">\u201d, a\u00e7\u0131k hava sahneleri ve amfi tiyatrolarda ger\u00e7ekle\u015fecek konserleriyle yaz ak\u015famlar\u0131na ritim katacak. Klasik ile caz aras\u0131nda <\/span><\/span><span lang=\"SV\" style=\"font-size:11pt\"><span style=\"font-family:Verdana, sans-serif\">\u00f6<\/span><\/span><span lang=\"DE\" style=\"font-size:11pt\"><span style=\"font-family:Verdana, sans-serif\">zg\u00fcrce dola\u015fan bu proje, dinleyicilere zamans\u0131z ve b\u00fct\u00fcnc\u00fcl bir m\u00fczik deneyimi sunmay\u0131 hedefliyor.<\/span><\/span><\/span><\/p>\n<p class=\"Body\" style=\"border:medium;margin:0cm;text-align:justify\"><span style='font-family:\"Times New Roman\", serif'><span dir=\"RTL\" lang=\"AR-SA\" style=\"font-size:11pt\"><span style='font-family:\"Arial Unicode MS\", sans-serif'>\u201c<\/span><\/span><i><span lang=\"DE\" style=\"font-size:11pt\"><span style=\"font-family:Verdana, sans-serif\">Ge\u00e7mi\u015fi ve bug\u00fcn\u00fc harmanlayan, \u00e7a\u011f\u0131m\u0131z\u0131n sorunlar\u0131n\u0131 dert edinen ve m\u00fczi\u011fimin evrensel do\u011fas\u0131n\u0131 yans\u0131tan bu konser serisi; bug\u00fcne dek ger\u00e7ekle\u015ftirdi\u011fim t\u00fcm caz \u00e7al\u0131\u015fmalar\u0131n\u0131n birikimini bir araya getiren, b\u00fct\u00fcnle\u015ftirici ve ger\u00e7ek bir deneyim olacak.\u201d<\/span><\/span><\/i><\/span><br \/>\n\u00a0<\/p>\n<p class=\"Body\" style=\"border:medium;margin:0cm;text-align:justify\"><span style='font-family:\"Times New Roman\", serif'><b><span lang=\"DE\" style=\"font-size:11pt\"><span style=\"font-family:Verdana, sans-serif\">\u0160koda<\/span><\/span><\/b><span lang=\"DE\" style=\"font-size:11pt\"><span style=\"font-family:Verdana, sans-serif\">, bu projede yaln\u0131zca bir destek\u00e7<\/span><\/span><span lang=\"IT\" style=\"font-size:11pt\"><span style=\"font-family:Verdana, sans-serif\">i de<\/span><\/span><span lang=\"DE\" style=\"font-size:11pt\"><span style=\"font-family:Verdana, sans-serif\">\u011fil, ayn\u0131 zamanda yolculu\u011fun bir par\u00e7as\u0131 olarak konumlan\u0131yor. <\/span><\/span><span dir=\"RTL\" lang=\"AR-SA\" style=\"font-size:11pt\"><span style='font-family:\"Arial Unicode MS\", sans-serif'>\u201c<\/span><\/span><span lang=\"DE\" style=\"font-size:11pt\"><span style=\"font-family:Verdana, sans-serif\">Yol arkada\u015f\u0131\u201d yakla\u015f\u0131m\u0131yla turnenin ruhuna e\u015flik eden marka, <b>Pozitif M\u00fczik<\/b>organizasyonu ile birlikte m\u00fczi\u011fin birle\u015ftirici g\u00fcc\u00fcn\u00fc T\u00fcrkiye\u2019nin farkl\u0131 \u015fehirlerine ta\u015f\u0131mada <\/span><\/span><span lang=\"SV\" style=\"font-size:11pt\"><span style=\"font-family:Verdana, sans-serif\">\u00f6<\/span><\/span><span lang=\"DE\" style=\"font-size:11pt\"><span style=\"font-family:Verdana, sans-serif\">nemli bir rol \u00fcstleniyor. Bu yakla\u015f\u0131m, caz m\u00fczi\u011fin \u00f6zg\u00fcr, dinamik ve do\u011fa\u00e7lamaya dayal\u0131 ruhuyla g\u00fc\u00e7l\u00fc bir ortak paydada bulu\u015fuyor.<\/span><\/span><\/p>\n<p><b><span lang=\"DE\" style=\"font-size:11pt\"><span style=\"font-family:Verdana, sans-serif\">Konser tarihleri:<\/span><\/span><\/b><\/span><\/p>\n<p class=\"Body\" style=\"border:medium;margin:0cm;text-align:justify\"><span style='font-family:\"Times New Roman\", serif'><span style=\"font-size:11pt\"><span style=\"font-family:Verdana, sans-serif\">19 Temmuz 2026 Pazar \/ Bal\u0131kesir \/ Ayval\u0131k Amfi Tiyatro<\/span><\/span><\/span><\/p>\n<p class=\"Body\" style=\"border:medium;margin:0cm;text-align:justify\"><span style='font-family:\"Times New Roman\", serif'><span style=\"font-size:11pt\"><span style=\"font-family:Verdana, sans-serif\">24 Temmuz 2026 Cuma \/ \u0130zmir \/ \u00c7e\u015fme A\u00e7\u0131khava Tiyatrosu<\/span><\/span><\/span><\/p>\n<p class=\"Body\" style=\"border:medium;margin:0cm;text-align:justify\"><span style='font-family:\"Times New Roman\", serif'><span style=\"font-size:11pt\"><span style=\"font-family:Verdana, sans-serif\">25 Temmuz 2026 Cumartesi \/ \u0130zmir \/ Efes Antik Tiyatrosu<\/span><\/span><\/span><\/p>\n<p class=\"Body\" style=\"border:medium;margin:0cm;text-align:justify\"><span style='font-family:\"Times New Roman\", serif'><span style=\"font-size:11pt\"><span style=\"font-family:Verdana, sans-serif\">26 Temmuz 2026 Pazar \/ Mu\u011fla \/ Bodrum Antik Tiyatro<\/span><\/span><\/span><\/p>\n<p class=\"Body\" style=\"border:medium;margin:0cm;text-align:justify\"><span style='font-family:\"Times New Roman\", serif'><span style=\"font-size:11pt\"><span style=\"font-family:Verdana, sans-serif\">2 Eyl\u00fcl 2026 \u00c7ar\u015famba \/ \u0130stanbul \/ Harbiye Cemil Topuzlu A\u00e7\u0131khava Tiyatrosu<\/span><\/span><\/span><\/p>\n<p class=\"Body\" style=\"border:medium;margin:0cm;text-align:justify\"><span style='font-family:\"Times New Roman\", serif'><span style=\"font-size:11pt\"><span style=\"font-family:Verdana, sans-serif\">3 Eyl\u00fcl 2026 Per\u015fembe \/ \u0130stanbul \/ Harbiye Cemil Topuzlu A\u00e7\u0131khava Tiyatrosu<\/span><\/span><\/span><\/p>\n<p class=\"Body\" style=\"border:medium;margin:0cm;text-align:justify\"><span style='font-family:\"Times New Roman\", serif'><span style=\"font-size:11pt\"><span style=\"font-family:Verdana, sans-serif\">13 Eyl\u00fcl 2026 Pazar \/ \u0130zmir \/ \u0130zmir K\u00fclt\u00fcrpark A\u00e7\u0131khava Tiyatrosu<\/span><\/span><\/span><\/p>\n<p class=\"Body\" style=\"border:medium;margin:0cm;text-align:justify\"><span style='font-family:\"Times New Roman\", serif'><span style=\"font-size:11pt\"><span style=\"font-family:Verdana, sans-serif\">16 Eyl\u00fcl 2026 \u00c7ar\u015famba \/ Denizli Hierapolis Antik Tiyatrosu<\/span><\/span><\/span><\/p>\n<p class=\"Body\" style=\"border:medium;margin:0cm;text-align:justify\"><span style='font-family:\"Times New Roman\", serif'><span style=\"font-size:11pt\"><span style=\"font-family:Verdana, sans-serif\">17 Eyl\u00fc<\/span><\/span><span lang=\"DE\" style=\"font-size:11pt\"><span style=\"font-family:Verdana, sans-serif\">l 2026 Per<\/span><\/span><span style=\"font-size:11pt\"><span style=\"font-family:Verdana, sans-serif\">\u015fembe \/ Antalya \/ Antalya A\u00e7\u0131khava Tiyatrosu<\/span><\/span><\/span><\/p>\n<p class=\"Body\" style=\"border:medium;margin:0cm;text-align:justify\"><span style='font-family:\"Times New Roman\", serif'><span style=\"font-size:11pt\"><span style=\"font-family:Verdana, sans-serif\">27 Eyl\u00fcl 2026 Pazar \/ Ankara \/ Bilkent Odeon<\/span><\/span><\/span><\/p>\n<p class=\"Body\" style=\"border:medium;margin:0cm;text-align:justify\">\u00a0<\/p>\n<p class=\"Body\" style=\"border:medium;margin:0cm;text-align:justify\"><span style='font-family:\"Times New Roman\", serif'><b><span style=\"font-size:11pt\"><span style=\"font-family:Verdana, sans-serif\">Biletler 4 May\u0131s Pazartesi saat 10:30<\/span><\/span><\/b><b><span dir=\"RTL\" lang=\"AR-SA\" style=\"font-size:11pt\"><span style='font-family:\"Arial Unicode MS\", sans-serif'>\u2019<\/span><\/span><\/b><b><span style=\"font-size:11pt\"><span style=\"font-family:Verdana, sans-serif\">da sat\u0131\u015f<\/span><\/span><\/b><b><span lang=\"IT\" style=\"font-size:11pt\"><span style=\"font-family:Verdana, sans-serif\">ta. Biletix &#8211; Passo \u2013 Bubilet <\/span><\/span><\/b><a href=\"http:\/\/www.instagram.com\/pozitiftimes\"><span class=\"Hyperlink0\" style=\"color:blue\"><span style=\"font-weight:bold\"><span style=\"font-size:11pt\"><span style=\"font-family:Verdana, sans-serif\">www.instagram.com\/pozitiftimes<\/span><\/span><\/span><\/span><\/a><\/span><\/p>\n<p class=\"Body\" style=\"border:medium;margin:0cm;text-align:justify\">\u00a0<\/p>\n","protected":false},"excerpt":{"rendered":"<div class=\"mh-excerpt\"><p>D\u00fcnyaca \u00fcnl\u00fc piyanist ve besteci Faz\u0131l Say, caz oda\u011f\u0131ndaki yeni projesi \u201cSay Plays Jazz on Tour with \u0160koda\u201d ile bu yaz T\u00fcrkiye turnesine \u00e7\u0131k\u0131yor. Ge\u00e7ti\u011fimiz haftalarda d\u00fcnyada \u00fcnl\u00fc bisiklet yar\u0131\u015f\u0131  L&#8217;etape T\u00fcrkiye de deste\u011fini a\u00e7\u0131klayan Skoda T\u00fcrkiye \u015fimdi m\u00fczi\u011fe de destek verdi\u011fini a\u00e7\u0131klad\u0131.<\/p>\n<\/div>","protected":false},"author":1,"featured_media":-999,"comment_status":"open","ping_status":"open","sticky":false,"template":"","format":"standard","meta":{"fifu_image_url":"","fifu_image_alt":"","footnotes":""},"categories":[2],"tags":[],"class_list":["post-261","post","type-post","status-publish","format-standard","has-post-thumbnail","hentry","category-haberler"],"_links":{"self":[{"href":"https:\/\/otodergi.com\/index.php\/wp-json\/wp\/v2\/posts\/261","targetHints":{"allow":["GET"]}}],"collection":[{"href":"https:\/\/otodergi.com\/index.php\/wp-json\/wp\/v2\/posts"}],"about":[{"href":"https:\/\/otodergi.com\/index.php\/wp-json\/wp\/v2\/types\/post"}],"author":[{"embeddable":true,"href":"https:\/\/otodergi.com\/index.php\/wp-json\/wp\/v2\/users\/1"}],"replies":[{"embeddable":true,"href":"https:\/\/otodergi.com\/index.php\/wp-json\/wp\/v2\/comments?post=261"}],"version-history":[{"count":0,"href":"https:\/\/otodergi.com\/index.php\/wp-json\/wp\/v2\/posts\/261\/revisions"}],"wp:featuredmedia":[{"embeddable":true,"href":"https:\/\/otodergi.com\/index.php\/wp-json\/"}],"wp:attachment":[{"href":"https:\/\/otodergi.com\/index.php\/wp-json\/wp\/v2\/media?parent=261"}],"wp:term":[{"taxonomy":"category","embeddable":true,"href":"https:\/\/otodergi.com\/index.php\/wp-json\/wp\/v2\/categories?post=261"},{"taxonomy":"post_tag","embeddable":true,"href":"https:\/\/otodergi.com\/index.php\/wp-json\/wp\/v2\/tags?post=261"}],"curies":[{"name":"wp","href":"https:\/\/api.w.org\/{rel}","templated":true}]}}