{"id":247,"date":"2026-04-25T15:44:02","date_gmt":"2026-04-25T12:44:02","guid":{"rendered":"https:\/\/otodergi.com\/index.php\/2026\/04\/25\/benzinli-araclara-talep-yogun-elektrikliye-temkinliyiz\/"},"modified":"2026-04-25T15:44:02","modified_gmt":"2026-04-25T12:44:02","slug":"benzinli-araclara-talep-yogun-elektrikliye-temkinliyiz","status":"publish","type":"post","link":"https:\/\/otodergi.com\/index.php\/2026\/04\/25\/benzinli-araclara-talep-yogun-elektrikliye-temkinliyiz\/","title":{"rendered":"Benzinli ara\u00e7lara talep yo\u011fun, elektrikliye temkinliyiz!"},"content":{"rendered":"<p style=\"margin: 0cm\"><span style=\"font-size:11pt\"><span style=\"line-height:16.866667px\"><span style=\"font-family:Arial, sans-serif\"><span lang=\"tr\" style=\"font-family:Calibri, sans-serif\">Elektrikli ara\u00e7 tercih etmeyen kullan\u0131c\u0131lara nedenleri soruldu\u011funda ise batarya \u00f6mr\u00fc ve \u015farj istasyon say\u0131s\u0131n\u0131n s\u0131n\u0131rl\u0131 olmas\u0131 yan\u0131t\u0131 iki temel endi\u015fe olarak dikkat \u00e7ekiyor. Bu iki unsur, birbirine \u00e7ok yak\u0131n oranlarla yakla\u015f\u0131k %27 seviyesinde \u00f6l\u00e7\u00fcl\u00fcyor. Kat\u0131l\u0131mc\u0131lar\u0131n %19\u2019u fiyatlar\u0131n y\u00fcksek olmas\u0131n\u0131 gerek\u00e7e g\u00f6sterirken, %18\u2019i ikinci el de\u011fer kayb\u0131 endi\u015fesi duydu\u011funu belirtiyor. %9\u2019u ise \u201cdi\u011fer\u201d yan\u0131t\u0131n\u0131 veriyor.<\/span><\/span><\/span><\/span><\/p>\n<p style=\"margin: 0cm\"><span style=\"font-size:11pt\"><span style=\"line-height:16.866667px\"><span style=\"font-family:Arial, sans-serif\"><b><span lang=\"tr\" style=\"font-family:Calibri, sans-serif\">Elektrikli ara\u00e7 tercihinde en b\u00fcy\u00fck motivasyon yak\u0131t tasarrufu<\/span><\/b><\/span><\/span><\/span><\/p>\n<p style=\"margin: 0cm\"><span style=\"font-size:11pt\"><span style=\"line-height:16.866667px\"><span style=\"font-family:Arial, sans-serif\"><span lang=\"tr\" style=\"font-family:Calibri, sans-serif\">arabam.com\u2019un ara\u015ft\u0131rmas\u0131na g\u00f6re elektrikli ara\u00e7 tercih eden kullan\u0131c\u0131lar\u0131n %40\u2019\u0131 bu tercihlerinin temel nedeni olarak yak\u0131t tasarrufunu \u00f6ne \u00e7\u0131kar\u0131yor. Bu veri, ekonomik fakt\u00f6rlerin elektrikli ara\u00e7lara ge\u00e7i\u015fte belirleyici rol oynad\u0131\u011f\u0131n\u0131 g\u00f6steriyor. Kat\u0131l\u0131mc\u0131lar\u0131n %20\u2019si d\u00fc\u015f\u00fck bak\u0131m maliyetini, %17\u2019si teknolojik yenilikleri, %14\u2019\u00fc \u00e7evresel duyarl\u0131l\u0131\u011f\u0131 ve %10\u2019u vergi avantajlar\u0131n\u0131 tercih nedeni olarak belirtiyor.<\/span><\/span><\/span><\/span><\/p>\n<p style=\"margin: 0cm\">\u00a0<\/p>\n<p style=\"margin: 0cm\"><span style=\"font-size:11pt\"><span style=\"line-height:16.866667px\"><span style=\"font-family:Arial, sans-serif\"><span lang=\"tr\" style=\"font-family:Calibri, sans-serif\">T\u00fcm kat\u0131l\u0131mc\u0131lara y\u00f6neltilen \u201celektrikli ara\u00e7lar\u0131n kullan\u0131m\u0131 T\u00fcrkiye\u2019de nas\u0131l de\u011fi\u015fir\u201d sorusuna ise %55 oran\u0131nda \u201cyava\u015f yava\u015f yayg\u0131nla\u015f\u0131r\u201d yan\u0131t\u0131 veriliyor. Kat\u0131l\u0131mc\u0131lar\u0131n %20\u2019si elektrikli ara\u00e7lar\u0131n h\u0131zla yayg\u0131nla\u015faca\u011f\u0131n\u0131 d\u00fc\u015f\u00fcn\u00fcrken, %15\u2019i durumun de\u011fi\u015fmeyece\u011fini d\u00fc\u015f\u00fcn\u00fcyor. %10\u2019luk bir kesim ise kullan\u0131m\u0131n\u0131n azalaca\u011f\u0131n\u0131 tahmin ediyor.<b> <\/b>Ara\u015ft\u0131rma, T\u00fcrkiye\u2019de t\u00fcketicilerin elektrikli ara\u00e7lar\u0131n yayg\u0131nla\u015fmas\u0131na temkinli yakla\u015ft\u0131\u011f\u0131n\u0131 g\u00f6steriyor. Kat\u0131l\u0131mc\u0131lar\u0131n \u00f6nemli bir b\u00f6l\u00fcm\u00fc, elektrikli ara\u00e7lar\u0131n h\u0131zl\u0131 bir d\u00f6n\u00fc\u015f\u00fcmle de\u011fil, kademeli olarak yayg\u0131nla\u015faca\u011f\u0131 g\u00f6r\u00fc\u015f\u00fcnde birle\u015fiyor.<\/span><\/span><\/span><\/span><\/p>\n<p style=\"margin: 0cm\">\u00a0<\/p>\n<p style=\"margin: 0cm\"><span style=\"font-size:11pt\"><span style=\"line-height:16.866667px\"><span style=\"font-family:Arial, sans-serif\"><b><span lang=\"tr\" style=\"font-family:Calibri, sans-serif\">\u201cT\u00fcketici Davran\u0131\u015flar\u0131nda Rasyonel Tercihler \u00d6ne \u00c7\u0131k\u0131yor\u201d<\/span><\/b><\/span><\/span><\/span><\/p>\n<p style=\"margin: 0cm\"><span style=\"font-size:11pt\"><span style=\"line-height:16.866667px\"><span style=\"font-family:Arial, sans-serif\"><span lang=\"tr\" style=\"font-family:Calibri, sans-serif\">Konuya ili\u015fkin de\u011ferlendirmede bulunan arabam.com CEO\u2019su \u00d6nder O\u011fuzhan, \u201cAra\u015ft\u0131rma sonu\u00e7lar\u0131, t\u00fcketicilerin ara\u00e7 tercihlerinde yaln\u0131zca maliyet de\u011fil; eri\u015filebilirlik, al\u0131\u015fkanl\u0131klar ve ikinci el piyasas\u0131n\u0131n geni\u015fli\u011fi gibi fakt\u00f6rleri birlikte de\u011ferlendirdi\u011fini g\u00f6steriyor. Benzinli ara\u00e7lar\u0131n liderli\u011fini korumas\u0131 da bu \u00e7ok boyutlu karar s\u00fcrecinin bir sonucu. Elektrikli ara\u00e7lara olan ilginin artmas\u0131 ise olduk\u00e7a \u00f6nemli; ancak bu d\u00f6n\u00fc\u015f\u00fcm\u00fcn t\u00fcketici g\u00f6z\u00fcnde zamana yay\u0131lan, kademeli bir s\u00fcre\u00e7 olarak ilerleyece\u011fi anla\u015f\u0131l\u0131yor. \u00d6zellikle yak\u0131t tasarrufu ve d\u00fc\u015f\u00fck bak\u0131m maliyetlerinin \u00f6ne \u00e7\u0131kmas\u0131, ekonomik dinamiklerin belirleyici rol\u00fcn\u00fc ortaya koyuyor. \u00d6n\u00fcm\u00fczdeki d\u00f6nemde te\u015fvikler ve \u015farj altyap\u0131s\u0131ndaki geli\u015fmelerin bu d\u00f6n\u00fc\u015f\u00fcm\u00fc h\u0131zland\u0131rmas\u0131n\u0131 bekliyoruz.\u201d dedi.<\/span><\/span><\/span><\/span><\/p>\n","protected":false},"excerpt":{"rendered":"<div class=\"mh-excerpt\"><p>arabam.com, elektrikli ara\u00e7lara y\u00f6nelik ger\u00e7ekle\u015ftirdi\u011fi ara\u015ft\u0131rma ile otomobil tercihlerini ortaya koydu. 2.344 ki\u015finin kat\u0131ld\u0131\u011f\u0131 ara\u015ft\u0131rma sonu\u00e7lar\u0131na g\u00f6re, petrol fiyatlar\u0131 artsa da i\u00e7ten yanmal\u0131 motorlu ara\u00e7lar t\u00fcketicilerin ilk tercihi olmaya devam ediyor.<\/p>\n<\/div>","protected":false},"author":1,"featured_media":-999,"comment_status":"open","ping_status":"open","sticky":false,"template":"","format":"standard","meta":{"fifu_image_url":"","fifu_image_alt":"","footnotes":""},"categories":[2],"tags":[],"class_list":["post-247","post","type-post","status-publish","format-standard","has-post-thumbnail","hentry","category-haberler"],"_links":{"self":[{"href":"https:\/\/otodergi.com\/index.php\/wp-json\/wp\/v2\/posts\/247","targetHints":{"allow":["GET"]}}],"collection":[{"href":"https:\/\/otodergi.com\/index.php\/wp-json\/wp\/v2\/posts"}],"about":[{"href":"https:\/\/otodergi.com\/index.php\/wp-json\/wp\/v2\/types\/post"}],"author":[{"embeddable":true,"href":"https:\/\/otodergi.com\/index.php\/wp-json\/wp\/v2\/users\/1"}],"replies":[{"embeddable":true,"href":"https:\/\/otodergi.com\/index.php\/wp-json\/wp\/v2\/comments?post=247"}],"version-history":[{"count":0,"href":"https:\/\/otodergi.com\/index.php\/wp-json\/wp\/v2\/posts\/247\/revisions"}],"wp:featuredmedia":[{"embeddable":true,"href":"https:\/\/otodergi.com\/index.php\/wp-json\/"}],"wp:attachment":[{"href":"https:\/\/otodergi.com\/index.php\/wp-json\/wp\/v2\/media?parent=247"}],"wp:term":[{"taxonomy":"category","embeddable":true,"href":"https:\/\/otodergi.com\/index.php\/wp-json\/wp\/v2\/categories?post=247"},{"taxonomy":"post_tag","embeddable":true,"href":"https:\/\/otodergi.com\/index.php\/wp-json\/wp\/v2\/tags?post=247"}],"curies":[{"name":"wp","href":"https:\/\/api.w.org\/{rel}","templated":true}]}}